{"id":13589,"date":"2023-03-10T16:05:26","date_gmt":"2023-03-10T21:05:26","guid":{"rendered":"https:\/\/podernacional.com\/?p=13589"},"modified":"2023-03-10T21:05:26","modified_gmt":"2023-03-10T21:05:26","slug":"festival-de-la-primavera-en-los-pinos-fechas-y-actividades","status":"publish","type":"post","link":"https:\/\/podernacional.com\/?p=13589","title":{"rendered":"Festival de la Primavera en Los Pinos: Fechas y actividades"},"content":{"rendered":"<h4>\u00bfSin plan para el fin de semana?<\/h4>\n<p>En Los Pinos se llevar\u00e1 a cabo un evento con venta de alimentos, artesan\u00edas, productos agroecol\u00f3gicos y m\u00e1s. Estos son los detalles.<\/p>\n<p>Este 20 de marzo dar\u00e1 inicio la temporada primaveral . Con ello se alistan distintos eventos en torno a esta estaci\u00f3n del a\u00f1o.<\/p>\n<p>As\u00ed como\u00a0entre ellos el Festival de la Primavera, el cual se llevar\u00e1 a cabo en el Complejo Cultural Los Pinos.<\/p>\n<p>En este espacio habr\u00e1 m\u00fasica, talleres, mercado, teatro y circo.<\/p>\n<p>Te damos los detalles sobre fecha, horarios y algunas de las actividades.<\/p>\n<h4>El Festival de la Primavera estar\u00e1 abierto a todo el p\u00fablico el 10 y 11 de marzo de 11:00 a 19:00 horas.<\/h4>\n<p>La cita es el Comple Cultural Los Pinos, localizado en Molino del Rey 252, Bosque de Chapultepec primera secci\u00f3n, Miguel Hidalgo.<\/p>\n<p>En este festival podr\u00e1s disfrutar de la venta de alimentos, artesan\u00edas, productos agroecol\u00f3gicos y la presentaci\u00f3n de algunos semilleros creativos. La entrada es libre.<\/p>\n<p>De acuerdo con la Secretar\u00eda de Cultura, se trata de un evento \u201cdedicado a actividades al aire libre en el que los asistentes\u201d.<\/p>\n<p>\u201cEl cual\u00a0podr\u00e1n disfrutar de m\u00fasica en vivo, talleres, puestas en escena, circo y hasta un mercado de artesan\u00edas\u201d.<\/p>\n<p>El viernes 10 est\u00e1n programadas diversas presentaciones.<\/p>\n<p>Mientras que el s\u00e1bado 11 de marzo los asistentes podr\u00e1n disfrutar de este programa.<\/p>\n<p>Todos los detalles sobre el festival est\u00e1n disponibles en el sitio: https:\/\/www.mexicoescultura.com\/ciclos\/detalle\/3602\/festival-de-la-primavera .<\/p>\n","protected":false},"excerpt":{"rendered":"<p>\u00bfSin plan para el fin de semana? En Los Pinos se llevar\u00e1 a cabo un evento con venta de alimentos, artesan\u00edas, productos agroecol\u00f3gicos y m\u00e1s. Estos son los detalles. Este 20 de marzo dar\u00e1 inicio la temporada primaveral . Con ello se alistan distintos eventos en torno a esta estaci\u00f3n del a\u00f1o. As\u00ed como\u00a0entre ellos [&hellip;]<\/p>\n","protected":false},"author":1,"featured_media":13591,"comment_status":"open","ping_status":"closed","sticky":false,"template":"","format":"standard","meta":{"footnotes":""},"categories":[2],"tags":[],"class_list":["post-13589","post","type-post","status-publish","format-standard","has-post-thumbnail","hentry","category-cultural"],"_links":{"self":[{"href":"https:\/\/podernacional.com\/index.php?rest_route=\/wp\/v2\/posts\/13589","targetHints":{"allow":["GET"]}}],"collection":[{"href":"https:\/\/podernacional.com\/index.php?rest_route=\/wp\/v2\/posts"}],"about":[{"href":"https:\/\/podernacional.com\/index.php?rest_route=\/wp\/v2\/types\/post"}],"author":[{"embeddable":true,"href":"https:\/\/podernacional.com\/index.php?rest_route=\/wp\/v2\/users\/1"}],"replies":[{"embeddable":true,"href":"https:\/\/podernacional.com\/index.php?rest_route=%2Fwp%2Fv2%2Fcomments&post=13589"}],"version-history":[{"count":1,"href":"https:\/\/podernacional.com\/index.php?rest_route=\/wp\/v2\/posts\/13589\/revisions"}],"predecessor-version":[{"id":13590,"href":"https:\/\/podernacional.com\/index.php?rest_route=\/wp\/v2\/posts\/13589\/revisions\/13590"}],"wp:featuredmedia":[{"embeddable":true,"href":"https:\/\/podernacional.com\/index.php?rest_route=\/wp\/v2\/media\/13591"}],"wp:attachment":[{"href":"https:\/\/podernacional.com\/index.php?rest_route=%2Fwp%2Fv2%2Fmedia&parent=13589"}],"wp:term":[{"taxonomy":"category","embeddable":true,"href":"https:\/\/podernacional.com\/index.php?rest_route=%2Fwp%2Fv2%2Fcategories&post=13589"},{"taxonomy":"post_tag","embeddable":true,"href":"https:\/\/podernacional.com\/index.php?rest_route=%2Fwp%2Fv2%2Ftags&post=13589"}],"curies":[{"name":"wp","href":"https:\/\/api.w.org\/{rel}","templated":true}]}}