{"id":1359,"date":"2020-09-12T08:00:00","date_gmt":"2020-09-12T08:00:00","guid":{"rendered":"http:\/\/whatsappcancun.com\/?p=1359"},"modified":"2020-09-12T08:00:00","modified_gmt":"2020-09-12T08:00:00","slug":"compra-un-iphone-en-linea-y-le-llega-un-boing-de-guayaba-ya-le-entregaron-el-equipo-en-una-sucursal-de-sears","status":"publish","type":"post","link":"https:\/\/podernacional.com\/?p=1359","title":{"rendered":"Compra un iPhone en l\u00ednea y le llega un Boing de guayaba; ya le entregaron el equipo en una sucursal de Sears"},"content":{"rendered":"\n<p>La tarde de este martes, Salvador G\u00f3mez inform\u00f3 a trav\u00e9s de Twitter que la tienda lo contact\u00f3 para que fuera a recoger el equipo a una de sus sucursales.<\/p>\n\n\n\n<p>El usuario de Twitter, Salvador G\u00f3mez, denunci\u00f3 este lunes que realiz\u00f3 la compra de un&nbsp;iPhone SE en la tienda en l\u00ednea de Sears, sin embargo,&nbsp;<strong>le lleg\u00f3 un Boing de guayaba de un litro<\/strong>.<\/p>\n\n\n\n<p>En un tuit acompa\u00f1ado con una fotograf\u00eda, Salvador acus\u00f3 que la respuesta de Sears fue\u00a0que mandara \u201cun mail para que hagan la investigaci\u00f3n\u201d; tambi\u00e9n\u00a0<strong>arrob\u00f3 la cuenta de la Procuradur\u00eda Federal del Consumidor<\/strong>\u00a0(Profeco) para que lo apoyara en su caso.<\/p>\n\n\n\n<figure class=\"wp-block-embed-twitter wp-block-embed is-type-rich is-provider-twitter\"><div class=\"wp-block-embed__wrapper\">\n<blockquote class=\"twitter-tweet\" data-width=\"550\" data-dnt=\"true\"><p lang=\"es\" dir=\"ltr\">Amigos, mucho cuidado con las compras por internet. Nos acaba de pasar esto. Compramos un iPhone SE en <a href=\"https:\/\/twitter.com\/searsmexico?ref_src=twsrc%5Etfw\">@searsmexico<\/a> hoy lleg\u00f3 el paquete y esto es lo que ven\u00eda adentro (no es broma!) la \u00fanica respuesta que dan es que mandes un mail para que hagan la investigaci\u00f3n.<a href=\"https:\/\/twitter.com\/Profeco?ref_src=twsrc%5Etfw\">@Profeco<\/a> ayuda <a href=\"https:\/\/t.co\/gWPQ1Nu25N\">pic.twitter.com\/gWPQ1Nu25N<\/a><\/p>&mdash; Salvador G\u00f3mez (@chapatoi) <a href=\"https:\/\/twitter.com\/chapatoi\/status\/1303021375087677442?ref_src=twsrc%5Etfw\">September 7, 2020<\/a><\/blockquote><script async src=\"https:\/\/platform.twitter.com\/widgets.js\" charset=\"utf-8\"><\/script>\n<\/div><\/figure>\n\n\n\n<p>La cuenta Sears M\u00e9xico le contest\u00f3 directamente a Salvador G\u00f3mez: \u201cSeguimos sin recibir tus datos, Salvador. Por favor escr\u00edbenos v\u00eda MD,\u00a0<strong>daremos seguimiento a tu caso<\/strong>\u201c.<\/p>\n\n\n\n<p>A lo que \u00e9l contest\u00f3: \u201cYa se los volv\u00ed a enviar, ya que todos los datos que me piden se&nbsp;<strong>los mand\u00e9 desde un inicio por correo<\/strong>&nbsp;y por DM. Podr\u00edan revisar primero lo que les env\u00edo\u201d.<\/p>\n\n\n\n<p>A las 15:20 horas de este martes, Salvador G\u00f3mez tuite\u00f3 que el equipo de Sears lo contact\u00f3 para decirle podr\u00edan envi\u00e1rselo o que pasara por el equipo a una sucursal. \u201cFui y ya lo ten\u00edan listo para entrega\u201d, indic\u00f3.<\/p>\n\n\n\n<p>Update: Hoy me contactaron de Sears, para decirme que ya estaban trabajando en solucionar mi problema. Me dijeron que pod\u00edan envi\u00e1rmelo o pod\u00eda pasar a recogerlo a sucursal. Fui y ya lo ten\u00edan listo para entrega. Gracias a todos por ayudar a que me resolvieran esta situaci\u00f3n<\/p>\n\n\n\n<p>Otros internautas comenzaron a responder los tuits de Salvador G\u00f3mez y Sears, en los que compartieron sus malas experiencias con la tienda en l\u00ednea:<\/p>\n\n\n\n<figure class=\"wp-block-embed-twitter wp-block-embed is-type-rich is-provider-twitter\"><div class=\"wp-block-embed__wrapper\">\n<blockquote class=\"twitter-tweet\" data-width=\"550\" data-dnt=\"true\"><p lang=\"es\" dir=\"ltr\">Suerte con tu reembolso, los de sears son unas ratotas, dan p\u00e9simo servicio, a mi me robaron 10,000 pesos de una pantalla que me cancelaron pero jam\u00e1s me regresaron el dinero. Y la Profeco no hizo nada de nada, perd\u00ed dinero y mucho tiempo.<\/p>&mdash; Jes\u00fas S\u00e1nchez Torres (@miquechus) <a href=\"https:\/\/twitter.com\/miquechus\/status\/1303236212656869377?ref_src=twsrc%5Etfw\">September 8, 2020<\/a><\/blockquote><script async src=\"https:\/\/platform.twitter.com\/widgets.js\" charset=\"utf-8\"><\/script>\n<\/div><\/figure>\n\n\n\n<figure class=\"wp-block-embed-twitter wp-block-embed is-type-rich is-provider-twitter\"><div class=\"wp-block-embed__wrapper\">\n<blockquote class=\"twitter-tweet\" data-width=\"550\" data-dnt=\"true\"><p lang=\"es\" dir=\"ltr\">Lamento decirte que nunca te dar\u00e1n soluci\u00f3n<br>Hace 3 meses me lleg\u00f3 paquete incompleto ya que no surtieron completo <a href=\"https:\/\/twitter.com\/searsmexico?ref_src=twsrc%5Etfw\">@searsmexico<\/a>  no se hizo responsable hasta el d\u00eda de hoy, solo te mandan correo pidiendo fotos y nunca m\u00e1s te responden <br>Ni por facebook, Twitter, llamadas ni correo<\/p>&mdash; SISECC (@SiseccOficial) <a href=\"https:\/\/twitter.com\/SiseccOficial\/status\/1303382672199372803?ref_src=twsrc%5Etfw\">September 8, 2020<\/a><\/blockquote><script async src=\"https:\/\/platform.twitter.com\/widgets.js\" charset=\"utf-8\"><\/script>\n<\/div><\/figure>\n","protected":false},"excerpt":{"rendered":"<p>La tarde de este martes, Salvador G\u00f3mez inform\u00f3 a trav\u00e9s de Twitter que la tienda lo contact\u00f3 para que fuera a recoger el equipo a una de sus sucursales. El usuario de Twitter, Salvador G\u00f3mez, denunci\u00f3 este lunes que realiz\u00f3 la compra de un&nbsp;iPhone SE en la tienda en l\u00ednea de Sears, sin embargo,&nbsp;le lleg\u00f3 [&hellip;]<\/p>\n","protected":false},"author":1,"featured_media":1360,"comment_status":"open","ping_status":"open","sticky":false,"template":"","format":"standard","meta":{"footnotes":""},"categories":[12],"tags":[],"class_list":["post-1359","post","type-post","status-publish","format-standard","has-post-thumbnail","hentry","category-sin-categoria"],"_links":{"self":[{"href":"https:\/\/podernacional.com\/index.php?rest_route=\/wp\/v2\/posts\/1359","targetHints":{"allow":["GET"]}}],"collection":[{"href":"https:\/\/podernacional.com\/index.php?rest_route=\/wp\/v2\/posts"}],"about":[{"href":"https:\/\/podernacional.com\/index.php?rest_route=\/wp\/v2\/types\/post"}],"author":[{"embeddable":true,"href":"https:\/\/podernacional.com\/index.php?rest_route=\/wp\/v2\/users\/1"}],"replies":[{"embeddable":true,"href":"https:\/\/podernacional.com\/index.php?rest_route=%2Fwp%2Fv2%2Fcomments&post=1359"}],"version-history":[{"count":0,"href":"https:\/\/podernacional.com\/index.php?rest_route=\/wp\/v2\/posts\/1359\/revisions"}],"wp:featuredmedia":[{"embeddable":true,"href":"https:\/\/podernacional.com\/index.php?rest_route=\/wp\/v2\/media\/1360"}],"wp:attachment":[{"href":"https:\/\/podernacional.com\/index.php?rest_route=%2Fwp%2Fv2%2Fmedia&parent=1359"}],"wp:term":[{"taxonomy":"category","embeddable":true,"href":"https:\/\/podernacional.com\/index.php?rest_route=%2Fwp%2Fv2%2Fcategories&post=1359"},{"taxonomy":"post_tag","embeddable":true,"href":"https:\/\/podernacional.com\/index.php?rest_route=%2Fwp%2Fv2%2Ftags&post=1359"}],"curies":[{"name":"wp","href":"https:\/\/api.w.org\/{rel}","templated":true}]}}