{"id":13592,"date":"2023-03-10T18:09:28","date_gmt":"2023-03-10T23:09:28","guid":{"rendered":"https:\/\/podernacional.com\/?p=13592"},"modified":"2023-03-10T23:09:29","modified_gmt":"2023-03-10T23:09:29","slug":"forma-parte-del-esperado-festival-del-asado-de-tepoztlan","status":"publish","type":"post","link":"https:\/\/podernacional.com\/?p=13592","title":{"rendered":"Forma parte del esperado Festival del Asado de Tepoztl\u00e1n"},"content":{"rendered":"<h4>El Festival del Asado de Tepoztl\u00e1n es una excelente oportunidad para degustar deliciosa comida, ricas bebidas y para disfrutar de buena m\u00fasica<\/h4>\n<p>Festival del Asado de Tepoztl\u00e1n: Lleg\u00f3 el evento perfecto para consentir a tu paladar, estamos hablando del Festival del Asado de Tepoztl\u00e1n 2023.<\/p>\n<p>El cual\u00a0es una experiencia que combina a la perfecci\u00f3n la gastronom\u00eda, la cultura y la buena m\u00fasica, todo esto en un ambiente muy agradable.<\/p>\n<p>Lo mejor de este evento es que se realizar\u00e1 en uno de los Pueblos M\u00e1gicos m\u00e1s atractivos del pa\u00eds.<\/p>\n<p>Esto que\u00a0pues aqu\u00ed hay iglesias con una gran arquitectura, calles empedradas, excelentes restaurantes y vestigios que sorprenden a todas las personas que los visitan.<\/p>\n<h4>\u00bfQu\u00e9 te espera en el Festival del Asado de Tepoztl\u00e1n?<\/h4>\n<p>El Festival del Asado de Tepoztl\u00e1n<\/p>\n<p>Para la nueva edici\u00f3n del Festival del Asado de Tepoztl\u00e1n se ha invitado a m\u00e1s de 40 expositores de la parrilla.<\/p>\n<p>Adem\u00e1s que a 12 chefs especializados en el tema, por lo tanto habr\u00e1 una gran variedad de preparaciones a la parrilla.<\/p>\n<p>Consentir\u00e1s a tu paladar con los cortes de carne, una amplia variedad de salsas y guarniciones.<\/p>\n<p>Tambi\u00e9n probar\u00e1s diferentes cervezas artesanales, vinos y mezcales; como te hab\u00edamos dicho es una perfecta manera de consentir a tu paladar.<\/p>\n<p>El festival ser\u00e1 ambientado por bandas de rock, tambi\u00e9n por obst\u00e1culos de magia callejera.<\/p>\n<p>Tambi\u00e9n se realizar\u00e1n actividades familiares, debes saber que es un evento pet friendly.<\/p>\n<p>Disfruta de la Feria del Huarache en Toluca<\/p>\n<p>Vive los mejores eventos de M\u00e9rida en marzo<\/p>\n<p>Mejores eventos que podr\u00e1s disfrutar en marzo en M\u00e9rida<\/p>\n<h4>\u00bfCu\u00e1ndo ser\u00e1 el Festival del Asado de Tepoztl\u00e1n?<\/h4>\n<p>El Festival del Asado de Tepoztl\u00e1n se realizar\u00e1 el pr\u00f3ximo s\u00e1bado 18.<\/p>\n<p>As\u00ed como el\u00a0domingo 19 de marzo; la cita es en Villas Ecol\u00f3gicas Tequimilpa, Tepoztl\u00e1n, Morelos.<\/p>\n<p>Para adquirir tus boletos y recibir m\u00e1s informaci\u00f3n sobre el Festival del Asado de Tepoztl\u00e1n.<\/p>\n<p>El cual\u00a0debes comunicarte a los siguientes n\u00fameros: 777 259 8128 y 739 395 1834.<\/p>\n","protected":false},"excerpt":{"rendered":"<p>El Festival del Asado de Tepoztl\u00e1n es una excelente oportunidad para degustar deliciosa comida, ricas bebidas y para disfrutar de buena m\u00fasica Festival del Asado de Tepoztl\u00e1n: Lleg\u00f3 el evento perfecto para consentir a tu paladar, estamos hablando del Festival del Asado de Tepoztl\u00e1n 2023. El cual\u00a0es una experiencia que combina a la perfecci\u00f3n la [&hellip;]<\/p>\n","protected":false},"author":1,"featured_media":13594,"comment_status":"open","ping_status":"closed","sticky":false,"template":"","format":"standard","meta":{"footnotes":""},"categories":[4],"tags":[],"class_list":["post-13592","post","type-post","status-publish","format-standard","has-post-thumbnail","hentry","category-espectaculos"],"_links":{"self":[{"href":"https:\/\/podernacional.com\/index.php?rest_route=\/wp\/v2\/posts\/13592","targetHints":{"allow":["GET"]}}],"collection":[{"href":"https:\/\/podernacional.com\/index.php?rest_route=\/wp\/v2\/posts"}],"about":[{"href":"https:\/\/podernacional.com\/index.php?rest_route=\/wp\/v2\/types\/post"}],"author":[{"embeddable":true,"href":"https:\/\/podernacional.com\/index.php?rest_route=\/wp\/v2\/users\/1"}],"replies":[{"embeddable":true,"href":"https:\/\/podernacional.com\/index.php?rest_route=%2Fwp%2Fv2%2Fcomments&post=13592"}],"version-history":[{"count":1,"href":"https:\/\/podernacional.com\/index.php?rest_route=\/wp\/v2\/posts\/13592\/revisions"}],"predecessor-version":[{"id":13593,"href":"https:\/\/podernacional.com\/index.php?rest_route=\/wp\/v2\/posts\/13592\/revisions\/13593"}],"wp:featuredmedia":[{"embeddable":true,"href":"https:\/\/podernacional.com\/index.php?rest_route=\/wp\/v2\/media\/13594"}],"wp:attachment":[{"href":"https:\/\/podernacional.com\/index.php?rest_route=%2Fwp%2Fv2%2Fmedia&parent=13592"}],"wp:term":[{"taxonomy":"category","embeddable":true,"href":"https:\/\/podernacional.com\/index.php?rest_route=%2Fwp%2Fv2%2Fcategories&post=13592"},{"taxonomy":"post_tag","embeddable":true,"href":"https:\/\/podernacional.com\/index.php?rest_route=%2Fwp%2Fv2%2Ftags&post=13592"}],"curies":[{"name":"wp","href":"https:\/\/api.w.org\/{rel}","templated":true}]}}