{"id":13595,"date":"2023-03-10T18:14:39","date_gmt":"2023-03-10T23:14:39","guid":{"rendered":"https:\/\/podernacional.com\/?p=13595"},"modified":"2023-03-10T23:14:39","modified_gmt":"2023-03-10T23:14:39","slug":"regresa-el-festival-gastrocervecero-a-zamora","status":"publish","type":"post","link":"https:\/\/podernacional.com\/?p=13595","title":{"rendered":"Regresa el Festival Gastrocervecero a Zamora"},"content":{"rendered":"<h4>El Festival Gastrocervecero Michoac\u00e1n celebra 11 a\u00f1os este 2023 y lo har\u00e1 de la mejor manera posible:<\/h4>\n<p>El cual est\u00e1 reencontr\u00e1ndose con las y los michoacanos amantes de la cerveza artesanal.<\/p>\n<p>Adem\u00e1s de la buena comida para disfrutar en un ambiente familiar y de esparcimiento este 11 y 12 de marzo en la plaza Madero de Zamora.<\/p>\n<p>En un comunicado se inform\u00f3 que el Festival Gastrocervecero es calificado por el p\u00fablico como uno de los mejores eventos.<\/p>\n<p>El cual\u00a0que se realizan en la entidad por su calidad, gran afluencia, derrama econ\u00f3mica y seguridad.<\/p>\n<p>Adem\u00e1s que por lo que su 11 edici\u00f3n abona al buen momento que vive Michoac\u00e1n.<\/p>\n<p>El cual se refrenda con la celebraci\u00f3n de actividades familiares masivas que contribuyen a la recuperaci\u00f3n econ\u00f3mica y la reconstrucci\u00f3n de la armon\u00eda social.<\/p>\n<p>Para esta primera versi\u00f3n de primavera 2023 y reafirmando su vocaci\u00f3n de ser una actividad que promueve e impulsa la econom\u00eda local.<\/p>\n<p>As\u00ed como\u00a0el Festival Gastrocervecero contar\u00e1 con la participaci\u00f3n de 10 productores de cerveza, seis locales de gastronom\u00eda.<\/p>\n<h4>As\u00ed como del pabell\u00f3n de productos regionales, adem\u00e1s de una ludoteca para que los peque\u00f1os que acompa\u00f1an a sus madres.<\/h4>\n<p>Adem\u00e1s de\u00a0padres se diviertan y convivan de manera segura.<\/p>\n<p>Tambi\u00e9n se refrenda como un espacio amigable con los perros por lo que se invita a llevar a su mejor amigo.<\/p>\n<p>Esto\u00a0de cuatro patas a disfrutar de esta convivencia.<\/p>\n<p>Y como ya es una tradici\u00f3n, el Festival Gastrocervecero promueve tambi\u00e9n el talento musical de Michoac\u00e1n con una propuesta de g\u00e9nero diversa.<\/p>\n<p>Adem\u00e1s\u00a0por lo que este s\u00e1bado 11 estar\u00e1n en el escenario Le\u00f3n Oiz\u00e9, Prince Dj\/ Dj Droga, Likido y Yermo Yerto de 12:30 a 19:00horas.<\/p>\n<p>Mientras que el domingo 12 estar\u00e1n en escena F\u00e9lix Bozz, L.A. Quartet Rafa Arregu\u00edn y Chile Verd\u00fa de 12:00 a 19:00 horas.<\/p>\n<p>Todas las actividades se realizar\u00e1n con el apoyo del Gobierno municipal en Plaza Madero #24, Zamora, Michoac\u00e1n a partir de las 12:00 horas.<\/p>\n<p>Adem\u00e1s que\u00a0por lo que te invitamos a disfrutar de los primero 11 a\u00f1os del Festival Gastrocervecero Michoac\u00e1n.<\/p>\n<p>As\u00ed como estar pendiente de nuestras actividades en redes sociales.<\/p>\n<p>&nbsp;<\/p>\n","protected":false},"excerpt":{"rendered":"<p>El Festival Gastrocervecero Michoac\u00e1n celebra 11 a\u00f1os este 2023 y lo har\u00e1 de la mejor manera posible: El cual est\u00e1 reencontr\u00e1ndose con las y los michoacanos amantes de la cerveza artesanal. Adem\u00e1s de la buena comida para disfrutar en un ambiente familiar y de esparcimiento este 11 y 12 de marzo en la plaza Madero [&hellip;]<\/p>\n","protected":false},"author":1,"featured_media":13597,"comment_status":"open","ping_status":"closed","sticky":false,"template":"","format":"standard","meta":{"footnotes":""},"categories":[7],"tags":[],"class_list":["post-13595","post","type-post","status-publish","format-standard","has-post-thumbnail","hentry","category-nacional"],"_links":{"self":[{"href":"https:\/\/podernacional.com\/index.php?rest_route=\/wp\/v2\/posts\/13595","targetHints":{"allow":["GET"]}}],"collection":[{"href":"https:\/\/podernacional.com\/index.php?rest_route=\/wp\/v2\/posts"}],"about":[{"href":"https:\/\/podernacional.com\/index.php?rest_route=\/wp\/v2\/types\/post"}],"author":[{"embeddable":true,"href":"https:\/\/podernacional.com\/index.php?rest_route=\/wp\/v2\/users\/1"}],"replies":[{"embeddable":true,"href":"https:\/\/podernacional.com\/index.php?rest_route=%2Fwp%2Fv2%2Fcomments&post=13595"}],"version-history":[{"count":1,"href":"https:\/\/podernacional.com\/index.php?rest_route=\/wp\/v2\/posts\/13595\/revisions"}],"predecessor-version":[{"id":13596,"href":"https:\/\/podernacional.com\/index.php?rest_route=\/wp\/v2\/posts\/13595\/revisions\/13596"}],"wp:featuredmedia":[{"embeddable":true,"href":"https:\/\/podernacional.com\/index.php?rest_route=\/wp\/v2\/media\/13597"}],"wp:attachment":[{"href":"https:\/\/podernacional.com\/index.php?rest_route=%2Fwp%2Fv2%2Fmedia&parent=13595"}],"wp:term":[{"taxonomy":"category","embeddable":true,"href":"https:\/\/podernacional.com\/index.php?rest_route=%2Fwp%2Fv2%2Fcategories&post=13595"},{"taxonomy":"post_tag","embeddable":true,"href":"https:\/\/podernacional.com\/index.php?rest_route=%2Fwp%2Fv2%2Ftags&post=13595"}],"curies":[{"name":"wp","href":"https:\/\/api.w.org\/{rel}","templated":true}]}}