{"id":13601,"date":"2023-03-10T18:26:40","date_gmt":"2023-03-10T23:26:40","guid":{"rendered":"https:\/\/podernacional.com\/?p=13601"},"modified":"2023-03-10T23:26:41","modified_gmt":"2023-03-10T23:26:41","slug":"en-quintana-roo-se-instalaron-comites-de-programas-para-el-bienestar","status":"publish","type":"post","link":"https:\/\/podernacional.com\/?p=13601","title":{"rendered":"En Quintana Roo se instalaron Comit\u00e9s de Programas para el Bienestar"},"content":{"rendered":"<h4>El prop\u00f3sito es brindar atenci\u00f3n integral, directa y sin intermediarios a derechohabientes y beneficiarios<\/h4>\n<p>Al encabezar la asamblea de instalaci\u00f3n de Comit\u00e9s de Programas para el Bienestar en los municipios de Felipe Carrillo Puerto y Oth\u00f3n P. Blanco.<\/p>\n<p>As\u00ed como de\u00a0Quintana Roo, la secretaria de Bienestar, Ariadna Montiel Reyes, llam\u00f3 a todo el equipo de Pensiones.<\/p>\n<p>As\u00ed como de\u00a0Programas de Bienestar a trabajar en unidad en favor de la poblaci\u00f3n para llevar el bienestar a todas las comunidades.<\/p>\n<p>Los Comit\u00e9s de Programas para el Bienestar de las sucursales del Banco del Bienestar est\u00e1n conformados por servidores p\u00fablicos responsables.<\/p>\n<p>El cual es\u00a0de todos los programas que instrumenta el Gobierno de M\u00e9xico, por lo que atender\u00e1n a derechohabientes.<\/p>\n<p>Adem\u00e1s de\u00a0beneficiarios brindando informaci\u00f3n sobre pensiones, becas y Programas de Bienestar.<\/p>\n<p>As\u00ed como de\u00a0los cuales se dispersan a trav\u00e9s del banco del Bienestar , el m\u00e1s grande del pa\u00eds.<\/p>\n<h4>Al tomar protesta a integrantes de los Comit\u00e9s de Programas para el Bienestar.<\/h4>\n<p>La cual\u00a0Ariadna Montiel explic\u00f3 que a partir de marzo se establecieron mesas permanentes de atenci\u00f3n en sucursales del Banco del Bienestar.<\/p>\n<p>Lugar en\u00a0donde servidores de la naci\u00f3n y personas servidoras p\u00fablicas relacionadas con la atenci\u00f3n de Programas de Bienestar.<\/p>\n<p>El cual atender\u00e1n personalmente a la poblaci\u00f3n para brindar informaci\u00f3n:<\/p>\n<p>\u201cEl Banco del Bienestar ser\u00e1 el punto de atenci\u00f3n de todos ustedes, porque vamos a ir migrando los tr\u00e1mites a este espacio\u201d.<\/p>\n<p>\u201cAdem\u00e1s de que\u00a0aqu\u00ed podr\u00e1n pedir informes, hacer tr\u00e1mites y registros\u201d, explic\u00f3 al recordar que en ventanillas o cajeros de las sucursales.<\/p>\n<p>Los cuales\u00a0se entregan pensiones y programas sin el cobro de comisiones.<\/p>\n<p>Precis\u00f3 que la entrega de tarjetas del Banco del Bienestar a todos los derechohabientes.<\/p>\n<p>As\u00ed como que\u00a0beneficiarios permite la dispersi\u00f3n directa y sin intermediarios de los apoyos.<\/p>\n<p>Adem\u00e1s, las personas podr\u00e1n disponer de efectivo en los cajeros de las sucursales, ventanillas del banco y comprar en lugares con terminal.<\/p>\n<p>En Quintana Roo se tiene como meta 20 sucursales del Banco del Bienestar; actualmente se encuentran en operaci\u00f3n seis sucursales.<\/p>\n<h4>Adem\u00e1s de que\u00a0est\u00e1n concluidas 10, en construcci\u00f3n dos y, con predio en revisi\u00f3n, dos m\u00e1s.<\/h4>\n<p>Asimismo, 258 mil 794 derechohabientes y beneficiarios reciben pensiones o programas con inversi\u00f3n social anual de siete mil 535 millones 197 mil 598 pesos.<\/p>\n<p>En Felipe Carrillo Puerto, 38 mil 304 personas reciben una pensi\u00f3n o programa, una inversi\u00f3n social anual de mil 157 millones 188 mil 210 pesos.<\/p>\n<p>Esto\u00a0en tanto que, en Oth\u00f3n P. Blanco son 47 mil 923 personas con inversi\u00f3n social anual de mil 419 millones 078 mil 332 pesos.<\/p>\n<p>El delegado federal de Programas para el Desarrollo en Quintana Roo, Arturo Emiliano Abreu Mar\u00edn.<\/p>\n<p>Adem\u00e1s de que\u00a0explic\u00f3 que el Banco del Bienestar est\u00e1 al servicio del pueblo de M\u00e9xico.<\/p>\n<p>As\u00ed como que\u00a0ser\u00e1 el centro de atenci\u00f3n de los Programas de Bienestar, donde las personas podr\u00e1n acudir a cobrar sus pensiones y programas.<\/p>\n<p>Adem\u00e1s, tendr\u00e1n la tarea de atender a la comunidad.<\/p>\n<p>\u201cEl banco resuelve el problema de movilidad y se est\u00e1n instalando en lugares donde la banca privada jam\u00e1s se hubiese establecido.\u201d<\/p>\n<p>&nbsp;<\/p>\n","protected":false},"excerpt":{"rendered":"<p>El prop\u00f3sito es brindar atenci\u00f3n integral, directa y sin intermediarios a derechohabientes y beneficiarios Al encabezar la asamblea de instalaci\u00f3n de Comit\u00e9s de Programas para el Bienestar en los municipios de Felipe Carrillo Puerto y Oth\u00f3n P. Blanco. As\u00ed como de\u00a0Quintana Roo, la secretaria de Bienestar, Ariadna Montiel Reyes, llam\u00f3 a todo el equipo de [&hellip;]<\/p>\n","protected":false},"author":1,"featured_media":13603,"comment_status":"open","ping_status":"closed","sticky":false,"template":"","format":"standard","meta":{"footnotes":""},"categories":[9],"tags":[],"class_list":["post-13601","post","type-post","status-publish","format-standard","has-post-thumbnail","hentry","category-politica"],"_links":{"self":[{"href":"https:\/\/podernacional.com\/index.php?rest_route=\/wp\/v2\/posts\/13601","targetHints":{"allow":["GET"]}}],"collection":[{"href":"https:\/\/podernacional.com\/index.php?rest_route=\/wp\/v2\/posts"}],"about":[{"href":"https:\/\/podernacional.com\/index.php?rest_route=\/wp\/v2\/types\/post"}],"author":[{"embeddable":true,"href":"https:\/\/podernacional.com\/index.php?rest_route=\/wp\/v2\/users\/1"}],"replies":[{"embeddable":true,"href":"https:\/\/podernacional.com\/index.php?rest_route=%2Fwp%2Fv2%2Fcomments&post=13601"}],"version-history":[{"count":1,"href":"https:\/\/podernacional.com\/index.php?rest_route=\/wp\/v2\/posts\/13601\/revisions"}],"predecessor-version":[{"id":13602,"href":"https:\/\/podernacional.com\/index.php?rest_route=\/wp\/v2\/posts\/13601\/revisions\/13602"}],"wp:featuredmedia":[{"embeddable":true,"href":"https:\/\/podernacional.com\/index.php?rest_route=\/wp\/v2\/media\/13603"}],"wp:attachment":[{"href":"https:\/\/podernacional.com\/index.php?rest_route=%2Fwp%2Fv2%2Fmedia&parent=13601"}],"wp:term":[{"taxonomy":"category","embeddable":true,"href":"https:\/\/podernacional.com\/index.php?rest_route=%2Fwp%2Fv2%2Fcategories&post=13601"},{"taxonomy":"post_tag","embeddable":true,"href":"https:\/\/podernacional.com\/index.php?rest_route=%2Fwp%2Fv2%2Ftags&post=13601"}],"curies":[{"name":"wp","href":"https:\/\/api.w.org\/{rel}","templated":true}]}}