{"id":13604,"date":"2023-03-10T18:37:38","date_gmt":"2023-03-10T23:37:38","guid":{"rendered":"https:\/\/podernacional.com\/?p=13604"},"modified":"2023-03-10T23:37:39","modified_gmt":"2023-03-10T23:37:39","slug":"apoya-fundacion-a-siete-ninos-invisibles-para-el-gobierno-de-quintana-roo-que-viven-con-sus-madres-en-el-reclusorio-de-cancun","status":"publish","type":"post","link":"https:\/\/podernacional.com\/?p=13604","title":{"rendered":"Apoya Fundaci\u00f3n a Siete Ni\u00f1os \u201cInvisibles\u201d para el Gobierno de Quintana Roo, que Viven con sus Madres en el Reclusorio de Canc\u00fan"},"content":{"rendered":"<h4>Mar\u00eda Fernanda Alvear, vicepresidente de la Fundaci\u00f3n Desde Cero, dio a conocer que est\u00e1n apoyando a 7 ni\u00f1os.<\/h4>\n<p>Los cuales viven en el interior del Centro de Readaptaci\u00f3n de Canc\u00fan.<\/p>\n<p>As\u00ed como de quienes son \u201cinvisibles\u201d ya que no tienen ning\u00fan apoyo del gobierno de Quintana Roo.<\/p>\n<p>\u201cLos ni\u00f1os pueden estar en prisi\u00f3n con sus madres hasta que cumplen 3 a\u00f1os, as\u00ed lo marca la ley\u201d.<\/p>\n<p>\u201cAdem\u00e1s de que\u00a0nosotros iniciamos nuestro apoyo desde el embarazo de las mujeres d\u00e1ndole\u00a0seguimiento m\u00e9dico\u201d.<\/p>\n<p>Esto\u00a0con el objetivo de que reciban la atenci\u00f3n adecuada, por lo que se les realizan ultrasonidos.<\/p>\n<p>As\u00ed mismo de que\u00a0se les dan vitaminas para que los ni\u00f1os nazcan sanos y con buena salud\u201d.<\/p>\n<h4>El cual\u00a0expres\u00f3 la entrevistada al t\u00e9rmino de la conferencia de prensa del \u201cGrupo Marakame\u201d.<\/h4>\n<p>Agreg\u00f3 que cuando nacen los infantes su labor no termina, sino que siguen d\u00e1ndoles seguimiento para que ellos reciban su alimentaci\u00f3n correcta.<\/p>\n<p>El cual es\u00a0leche, papillas cuando ya est\u00e1n un poco m\u00e1s grandes; adem\u00e1s estos apoyos abarcan salud, alimentaci\u00f3n y educaci\u00f3n.<\/p>\n<p>A\u00f1adi\u00f3 que tambi\u00e9n su fundaci\u00f3n apoyan a las mujeres embarazadas con cursos de lactancia, profil\u00e1cticos.<\/p>\n<p>Adem\u00e1s de\u00a0brigadas de salud donde se abarcan estudios ginecol\u00f3gicos y mastograf\u00edas.<\/p>\n<p>Esto mientras que a sus hijos, si tiene una enfermedad o requieren atenci\u00f3n especial tambi\u00e9n se les brinda el apoyo y la atenci\u00f3n adecuada.<\/p>\n<p>Agreg\u00f3 que otro de los apoyos que les dan a las 148 internas que se encuentran en el penal de esta ciudad.<\/p>\n<p>El\u00a0es que se les capacita en un oficio para que cuando alcancen su libertad se puedan incorporar a la sociedad.<\/p>\n<p>Al final, \u00a0la entrevistada declar\u00f3 que lo que ellos buscan es que mientras los ni\u00f1os est\u00e9n con sus madres se puedan desarrollar correctamente.<\/p>\n<p>Despu\u00e9s prepararlos para el tema de la separaci\u00f3n.<\/p>\n<p>\u201cEsto de la separaci\u00f3n de sus madres no se f\u00e1cil, no es como decir ya me voy al DIF o con mis familiares\u201d.<\/p>\n<p>Adem\u00e1s que\u00a0con los que nunca estuve desde los 3 a\u00f1os; el tema de la separaci\u00f3n es algo muy delicado.<\/p>\n<p>\u201cEl cual es tan dif\u00edcil tanto para la mam\u00e1 como para \u00e9l beb\u00e9\u201d, termin\u00f3.<\/p>\n","protected":false},"excerpt":{"rendered":"<p>Mar\u00eda Fernanda Alvear, vicepresidente de la Fundaci\u00f3n Desde Cero, dio a conocer que est\u00e1n apoyando a 7 ni\u00f1os. Los cuales viven en el interior del Centro de Readaptaci\u00f3n de Canc\u00fan. As\u00ed como de quienes son \u201cinvisibles\u201d ya que no tienen ning\u00fan apoyo del gobierno de Quintana Roo. \u201cLos ni\u00f1os pueden estar en prisi\u00f3n con sus [&hellip;]<\/p>\n","protected":false},"author":1,"featured_media":13606,"comment_status":"open","ping_status":"closed","sticky":false,"template":"","format":"standard","meta":{"footnotes":""},"categories":[10],"tags":[],"class_list":["post-13604","post","type-post","status-publish","format-standard","has-post-thumbnail","hentry","category-quintana-roo"],"_links":{"self":[{"href":"https:\/\/podernacional.com\/index.php?rest_route=\/wp\/v2\/posts\/13604","targetHints":{"allow":["GET"]}}],"collection":[{"href":"https:\/\/podernacional.com\/index.php?rest_route=\/wp\/v2\/posts"}],"about":[{"href":"https:\/\/podernacional.com\/index.php?rest_route=\/wp\/v2\/types\/post"}],"author":[{"embeddable":true,"href":"https:\/\/podernacional.com\/index.php?rest_route=\/wp\/v2\/users\/1"}],"replies":[{"embeddable":true,"href":"https:\/\/podernacional.com\/index.php?rest_route=%2Fwp%2Fv2%2Fcomments&post=13604"}],"version-history":[{"count":1,"href":"https:\/\/podernacional.com\/index.php?rest_route=\/wp\/v2\/posts\/13604\/revisions"}],"predecessor-version":[{"id":13605,"href":"https:\/\/podernacional.com\/index.php?rest_route=\/wp\/v2\/posts\/13604\/revisions\/13605"}],"wp:featuredmedia":[{"embeddable":true,"href":"https:\/\/podernacional.com\/index.php?rest_route=\/wp\/v2\/media\/13606"}],"wp:attachment":[{"href":"https:\/\/podernacional.com\/index.php?rest_route=%2Fwp%2Fv2%2Fmedia&parent=13604"}],"wp:term":[{"taxonomy":"category","embeddable":true,"href":"https:\/\/podernacional.com\/index.php?rest_route=%2Fwp%2Fv2%2Fcategories&post=13604"},{"taxonomy":"post_tag","embeddable":true,"href":"https:\/\/podernacional.com\/index.php?rest_route=%2Fwp%2Fv2%2Ftags&post=13604"}],"curies":[{"name":"wp","href":"https:\/\/api.w.org\/{rel}","templated":true}]}}