{"id":1363,"date":"2020-09-12T08:00:00","date_gmt":"2020-09-12T08:00:00","guid":{"rendered":"http:\/\/whatsappcancun.com\/?p=1363"},"modified":"2020-09-12T08:00:00","modified_gmt":"2020-09-12T08:00:00","slug":"cubrebocas-transparentes-no-protegen-contra-el-covid","status":"publish","type":"post","link":"https:\/\/podernacional.com\/?p=1363","title":{"rendered":"Cubrebocas transparentes no protegen contra el Covid"},"content":{"rendered":"\n<p>M\u00e9dicos de Quintana Roo advierten que las mascarillas de mica transparente no cumplen con las condiciones sanitarias.<\/p>\n\n\n\n<p>M\u00e9dicos advirtieron las&nbsp;<strong>micas protectoras o cubrebocas transparentes no protegen<\/strong>&nbsp;de una posible infecci\u00f3n por el virus SARS-CoV2, debido a que no cumplen con las condiciones debidas.<\/p>\n\n\n\n<p>Jos\u00e9 Antonio Danel Beltr\u00e1n, presidente del&nbsp;<strong>Colegio M\u00e9dico de Quintana Roo<\/strong>, explic\u00f3 que estos art\u00edculos no se adhieren completamente al rostro, por lo que en caso de contacto el virus&nbsp;<strong>podr\u00eda entrar por nariz o boca e infectar a la persona<\/strong>, por lo que recomend\u00f3 continuar el uso de mascarillas quir\u00fargicas o bien de tela.<\/p>\n\n\n\n<blockquote class=\"wp-block-quote is-layout-flow wp-block-quote-is-layout-flow\"><p>\u201cEstos (micas) no sirven para sustituir el cubrebocas, no sellan el contorno de la boca y la nariz como lo hacen las mascarillas y eso puede permitir la entrada del virus\u201d, dijo.<\/p><\/blockquote>\n\n\n\n<p>Dijo que los&nbsp;<strong>cubrebocas r\u00edgidos de mica transparente<\/strong>&nbsp;que se ofertan de manera digital por alrededor de 100 pesos, su dise\u00f1o no evitar que las part\u00edculas que se puedan sostener en el aire lleguen al usuario, debido a que&nbsp;<strong>existe espacio entre la mica y la piel<\/strong>, espacio por el cual se puede colar el virus.&nbsp;<\/p>\n\n\n\n<h2 class=\"wp-block-heading\"><strong>Las caretas pl\u00e1sticas no suplen el uso de cubrebocas<\/strong><\/h2>\n\n\n\n<p>Asimismo record\u00f3 que&nbsp;<strong>las caretas de pl\u00e1stico son auxiliares en la protecci\u00f3n<\/strong>, pero no suplen el uso del cubrebocas, por lo que se deben portar debajo de estas para evitar efectivamente que el virus llegue a las v\u00edas de acceso al cuerpo, que en este caso son los ojos, la nariz y la boca.<\/p>\n\n\n\n<blockquote class=\"wp-block-quote is-layout-flow wp-block-quote-is-layout-flow\"><p>\u201cLa careta es para cubrir el resto de la cara y los ojos\u201d, destac\u00f3.<\/p><\/blockquote>\n\n\n\n<p>El Fondo de las Naciones Unidas para la Infancia (Unicef) y la Organizaci\u00f3n Mundial de la Salud (OMS) indican que&nbsp;<strong>los ni\u00f1os que gozan de buena salud de manera general, pueden utilizar mascarillas de tela<\/strong>&nbsp;que eviten que el menor pueda ser contagiado o transmitir el virus en caso que la familia no sea consciente de ser portador del virus.<\/p>\n\n\n\n<p>\u201cEs preciso asegurarse de que la mascarilla es del tama\u00f1o adecuado para cubrir la nariz, la boca y la barbilla. Se debe ense\u00f1ar a los ni\u00f1os a utilizar la mascarilla correctamente y, entre otras cosas, a no tocar la parte delantera de la mascarilla, a no tirar de ella hacia la barbilla ni a met\u00e9rsela en la boca\u201d, se\u00f1alaron<\/p>\n","protected":false},"excerpt":{"rendered":"<p>M\u00e9dicos de Quintana Roo advierten que las mascarillas de mica transparente no cumplen con las condiciones sanitarias. M\u00e9dicos advirtieron las&nbsp;micas protectoras o cubrebocas transparentes no protegen&nbsp;de una posible infecci\u00f3n por el virus SARS-CoV2, debido a que no cumplen con las condiciones debidas. Jos\u00e9 Antonio Danel Beltr\u00e1n, presidente del&nbsp;Colegio M\u00e9dico de Quintana Roo, explic\u00f3 que estos [&hellip;]<\/p>\n","protected":false},"author":1,"featured_media":1364,"comment_status":"open","ping_status":"open","sticky":false,"template":"","format":"standard","meta":{"footnotes":""},"categories":[11],"tags":[],"class_list":["post-1363","post","type-post","status-publish","format-standard","has-post-thumbnail","hentry","category-salud"],"_links":{"self":[{"href":"https:\/\/podernacional.com\/index.php?rest_route=\/wp\/v2\/posts\/1363","targetHints":{"allow":["GET"]}}],"collection":[{"href":"https:\/\/podernacional.com\/index.php?rest_route=\/wp\/v2\/posts"}],"about":[{"href":"https:\/\/podernacional.com\/index.php?rest_route=\/wp\/v2\/types\/post"}],"author":[{"embeddable":true,"href":"https:\/\/podernacional.com\/index.php?rest_route=\/wp\/v2\/users\/1"}],"replies":[{"embeddable":true,"href":"https:\/\/podernacional.com\/index.php?rest_route=%2Fwp%2Fv2%2Fcomments&post=1363"}],"version-history":[{"count":0,"href":"https:\/\/podernacional.com\/index.php?rest_route=\/wp\/v2\/posts\/1363\/revisions"}],"wp:featuredmedia":[{"embeddable":true,"href":"https:\/\/podernacional.com\/index.php?rest_route=\/wp\/v2\/media\/1364"}],"wp:attachment":[{"href":"https:\/\/podernacional.com\/index.php?rest_route=%2Fwp%2Fv2%2Fmedia&parent=1363"}],"wp:term":[{"taxonomy":"category","embeddable":true,"href":"https:\/\/podernacional.com\/index.php?rest_route=%2Fwp%2Fv2%2Fcategories&post=1363"},{"taxonomy":"post_tag","embeddable":true,"href":"https:\/\/podernacional.com\/index.php?rest_route=%2Fwp%2Fv2%2Ftags&post=1363"}],"curies":[{"name":"wp","href":"https:\/\/api.w.org\/{rel}","templated":true}]}}