{"id":13631,"date":"2023-03-11T18:11:14","date_gmt":"2023-03-11T23:11:14","guid":{"rendered":"https:\/\/podernacional.com\/?p=13631"},"modified":"2023-03-11T23:11:15","modified_gmt":"2023-03-11T23:11:15","slug":"festival-circense-de-puerto-rico-vuelve-a-brillar-tras-paron-por-la-pandemia","status":"publish","type":"post","link":"https:\/\/podernacional.com\/?p=13631","title":{"rendered":"Festival circense de Puerto Rico vuelve a brillar tras par\u00f3n por la pandemia"},"content":{"rendered":"<h4>Las hist\u00f3ricas calles de El Viejo San Juan volvieron a brillar con la celebraci\u00f3n del VIII Festival de Circo y Artes de Calle de Puerto Rico.<\/h4>\n<p>El cual es \u00a0\u00abCirco Fest 2023\u00bb, tras tres a\u00f1os se ausencia presencial por la pandemia de la covid-19.<\/p>\n<p>\u00abEstamos felices. Vamos a arranca ahora con la comparsa. As\u00ed que, \u00bfqu\u00e9 nos queda decir? \u00a1Disfrutar del Circo Fest, octava edici\u00f3n!\u00bb.<\/p>\n<p>Adem\u00e1s de que resalt\u00f3 a EFE Maximiliano Rivas, director ejecutivo de la Asociaci\u00f3n de Artistas de Circo.<\/p>\n<p>As\u00ed como de\u00a0Artes de Calle de Puerto Rico y uno de los organizadores de la cita.<\/p>\n<p>El festival arranc\u00f3 con una comparsa de m\u00fasicos y algunos de los artistas que participan del festival.<\/p>\n<p>El cual est\u00e1\u00a0saliendo desde El Basti\u00f3n rumbo a la Calle Dr. Francisco Rufino de Goenaga, mostrando algunos de sus dotes.<\/p>\n<h4>As\u00ed mismo est\u00e1\u00a0avivando a las docenas de personas que acudieron desde temprano a disfrutar del evento.<\/h4>\n<p>Tras la comparsa, que incluy\u00f3 actos del d\u00fao japon\u00e9s de monociclo Witty Look y de la Federaci\u00f3n de Cuica de Puerto Rico.<\/p>\n<p>Por ende, el festival se activ\u00f3 con presentaciones de la puertorrique\u00f1a Ivangie Nieves, la italiana Margherita Mischitelli y el tambi\u00e9n puertorrique\u00f1o \u00abChicle\u00bb.<\/p>\n<p>\u00abChicle\u00bb se apoda de esta manera porque sufre del s\u00edndrome de Ehlers-Danlos.<\/p>\n<p>El cual\u00a0es un trastorno hereditario del col\u00e1geno que se caracteriza por hipermovilidad articular e hiperelasticidad d\u00e9rmica.<\/p>\n<p>Adem\u00e1s de que\u00a0pues de esta manera puede estira sus cachetes varios cent\u00edmetros y rotar los m\u00fasculos de sus hombros sin dolor.<\/p>\n<p>El artista, igualmente, cont\u00f3 en su acto de la ma\u00f1ana de este s\u00e1bado con la participaci\u00f3n especial de Black Rhythm, conocido \u00abbeatboxer\u00bb.<\/p>\n<p>As\u00ed como de\u00a0(alguien que con su voz y boca es capaz de imitar todo tipo de sonidos y melod\u00edas).<\/p>\n<p>\u00abChicle\u00bb ofreci\u00f3 su presentaci\u00f3n en una peque\u00f1a plaza aleda\u00f1a al Cuartel de Ballaj\u00e1.<\/p>\n<p>Para el festival de este a\u00f1o, participar\u00e1n ocho compa\u00f1\u00edas de circo y artes de calle provenientes de Am\u00e9rica Latina, Europa y Asia.<\/p>\n<p>Esto\u00a0junto a 30 empresas de Puerto Rico, reuniendo a 193 artistas simult\u00e1neamente.<\/p>\n<h4>Suiza, una naci\u00f3n de cooperativas<\/h4>\n<p>Suiza es el pa\u00eds de las cooperativas. La cooperaci\u00f3n caracteriza a la econom\u00eda y es el principio sobre el cual se basa su cultura pol\u00edtica.<\/p>\n<p>Algunas de las compa\u00f1\u00edas internacionales que participar\u00e1n en el fest\u00edn de este a\u00f1o provienen de Argentina, Brasil, Chile, Espa\u00f1a, Italia y Jap\u00f3n.<\/p>\n<p>Como es costumbre en la tradici\u00f3n del arte de calle, cada compa\u00f1\u00eda, al final de su presentaci\u00f3n, proceder\u00e1 a \u00abpasar el sombrero\u00bb.<\/p>\n<p>As\u00ed mismo que para as\u00ed recibir la aportaci\u00f3n econ\u00f3mica que el p\u00fablico desee brindar.<\/p>\n<p>Adem\u00e1s, como en ediciones anteriores, las presentaciones de las compa\u00f1\u00edas locales estar\u00e1n compitiendo por dos premios:<\/p>\n<p>El Premio del Jurado y el Premio del P\u00fablico.<\/p>\n<p>El primero es de 500 d\u00f3lares y una residencia art\u00edstica en El Basti\u00f3n.<\/p>\n<p>As\u00ed como del segundo premio ser\u00e1 de 250 d\u00f3lares a la compa\u00f1\u00eda o artista que m\u00e1s votos del p\u00fablico.<\/p>\n<p>El cual\u00a0logre conseguir a trav\u00e9s de la p\u00e1gina web del festival.<\/p>\n<p>Este proyecto, \u00fanico en Puerto Rico, proseguir\u00e1 14 de marzo con una peque\u00f1a gira a comunidades de la isla-municipio de Vieques, Naguabo, Barceloneta y Orocovis.<\/p>\n<p>Esta gira incluir\u00e1 una serie de talleres de circo y artes en general, tambi\u00e9n libres de costo, para los artistas nacionales interesados.<\/p>\n<p>Y como parte de esta gira se presentar\u00e1 un espect\u00e1culo \u00abvariet\u00e9\u00bb con las compa\u00f1\u00edas internacionales participantes.<\/p>\n","protected":false},"excerpt":{"rendered":"<p>Las hist\u00f3ricas calles de El Viejo San Juan volvieron a brillar con la celebraci\u00f3n del VIII Festival de Circo y Artes de Calle de Puerto Rico. El cual es \u00a0\u00abCirco Fest 2023\u00bb, tras tres a\u00f1os se ausencia presencial por la pandemia de la covid-19. \u00abEstamos felices. Vamos a arranca ahora con la comparsa. As\u00ed que, [&hellip;]<\/p>\n","protected":false},"author":1,"featured_media":13633,"comment_status":"open","ping_status":"closed","sticky":false,"template":"","format":"standard","meta":{"footnotes":""},"categories":[5],"tags":[],"class_list":["post-13631","post","type-post","status-publish","format-standard","has-post-thumbnail","hentry","category-internacional"],"_links":{"self":[{"href":"https:\/\/podernacional.com\/index.php?rest_route=\/wp\/v2\/posts\/13631","targetHints":{"allow":["GET"]}}],"collection":[{"href":"https:\/\/podernacional.com\/index.php?rest_route=\/wp\/v2\/posts"}],"about":[{"href":"https:\/\/podernacional.com\/index.php?rest_route=\/wp\/v2\/types\/post"}],"author":[{"embeddable":true,"href":"https:\/\/podernacional.com\/index.php?rest_route=\/wp\/v2\/users\/1"}],"replies":[{"embeddable":true,"href":"https:\/\/podernacional.com\/index.php?rest_route=%2Fwp%2Fv2%2Fcomments&post=13631"}],"version-history":[{"count":1,"href":"https:\/\/podernacional.com\/index.php?rest_route=\/wp\/v2\/posts\/13631\/revisions"}],"predecessor-version":[{"id":13632,"href":"https:\/\/podernacional.com\/index.php?rest_route=\/wp\/v2\/posts\/13631\/revisions\/13632"}],"wp:featuredmedia":[{"embeddable":true,"href":"https:\/\/podernacional.com\/index.php?rest_route=\/wp\/v2\/media\/13633"}],"wp:attachment":[{"href":"https:\/\/podernacional.com\/index.php?rest_route=%2Fwp%2Fv2%2Fmedia&parent=13631"}],"wp:term":[{"taxonomy":"category","embeddable":true,"href":"https:\/\/podernacional.com\/index.php?rest_route=%2Fwp%2Fv2%2Fcategories&post=13631"},{"taxonomy":"post_tag","embeddable":true,"href":"https:\/\/podernacional.com\/index.php?rest_route=%2Fwp%2Fv2%2Ftags&post=13631"}],"curies":[{"name":"wp","href":"https:\/\/api.w.org\/{rel}","templated":true}]}}