{"id":13634,"date":"2023-03-11T18:14:41","date_gmt":"2023-03-11T23:14:41","guid":{"rendered":"https:\/\/podernacional.com\/?p=13634"},"modified":"2023-03-11T23:14:42","modified_gmt":"2023-03-11T23:14:42","slug":"el-festival-100-mujer-afianza-su-lugar-con-rozalen-como-estrella-invitada","status":"publish","type":"post","link":"https:\/\/podernacional.com\/?p=13634","title":{"rendered":"El Festival 100% Mujer afianza su lugar con Rozal\u00e9n como estrella invitada"},"content":{"rendered":"<h4>La segunda edici\u00f3n de la jornada dedicada a visibilizar el papel femenino dentro.<\/h4>\n<p>As\u00ed mismo\u00a0fuera del escenario se consolida como la cita cultural de la semana del 8-M<\/p>\n<p>El Festival 100% Mujer afianza su lugar con Rozal\u00e9n como estrella invitada<\/p>\n<p>La Plaza de la Libertad ha sido el escenario del segundo Festival 100% Mujer.<\/p>\n<p>Adempas de\u00a0que se celebr\u00f3 este s\u00e1bado desde mediod\u00eda hasta la media noche.<\/p>\n<p>Organizado por la Plataforma Revivir la Azucarera con el respaldo de la Concejal\u00eda de Igualdad del Ayuntamiento de Granada.<\/p>\n<p>El cual ha contado con la participaci\u00f3n de numerosas artistas, con Rozal\u00e9n como cabeza de cartel.<\/p>\n<p>El objetivo de los promotores es \u00abgenerar un d\u00eda completo para visibilizar y distinguir el trabajo de las mujeres en el mundo de la cultura.<\/p>\n<h4>Adem\u00e1s de que\u00a0tanto encima, como detr\u00e1s del escenario: t\u00e9cnicas, cantantes, instrumentistas, compositoras, artesanas, bailarinas, humoristas\u2026<\/h4>\n<p>Las cuales est\u00e1n\u00a0unidas por la esperanza de un mundo en igualdad real, alzando la voz y mostrando nuestro arte y profesionalidad\u00bb.<\/p>\n<p>Por eso, el programa de la cita inclu\u00eda solo nombres femeninos, entre ellas artistas consagradas e internacionales como son:<\/p>\n<p>Rozalen, Ses, Maui, Mane Ferret (Cuba) y Rebeca Lane (Guatemala).<\/p>\n<p>Por otro lado, la presentaci\u00f3n del evento corri\u00f3 a cargo con la humorista Asaari Bibang.<\/p>\n<p>As\u00ed como de entre el p\u00fablico pase\u00f3 Lily Colombia con su personaje de la abuela Verde Esperanza.<\/p>\n<p>El Punto Violeta dio la \u00a0bienvenida al mercadillo, con variedad de puestos con lo mejor de la artesan\u00eda, dise\u00f1o, moda o nuevas tendencias.<\/p>\n<p>Esto\u00a0en una ma\u00f1ana dedicada a los m\u00e1s peque\u00f1os, con actuaciones musicales y minidisco incluida.<\/p>\n<p>Con el respaldo de un d\u00eda primaveral, tambi\u00e9n hubo ocasi\u00f3n de conocer artistas noveles y actuales como Las Poder\u00edo, Bego\u00f1a Bang-Matu.<\/p>\n<p>Al igual de que\u00a0Patricia Rodr\u00edguez, con un concepto mucho m\u00e1s teatral, cercano al cabaret en palabras de la coordinadora de la plataforma.<\/p>\n<h4>As\u00ed mismo de que\u00a0Amparo S\u00e1nchez. Y en esta segunda edici\u00f3n.<\/h4>\n<p>Tambi\u00e9n hubo lugar para el flamenco con Pilar Alonso a la guitarra, Ana Sola al cante y Samara Fernandez al baile.<\/p>\n<p>Amenizaron el Festival 100% Mujer Nana Pure Dj, Bloco Yemanj\u00e1, encargadas de poner a bailar al p\u00fablico con la batucada.<\/p>\n<p>Y Zoila Mart\u00edn con sus alumnas ofrecieron una exhibici\u00f3n de danza tribal y expresiva.<\/p>\n<p>Adem\u00e1s, la Banda Futura (Cuba-Madrid) acompa\u00f1\u00f3 a algunas de las cantantes y puso el broche final.<\/p>\n","protected":false},"excerpt":{"rendered":"<p>La segunda edici\u00f3n de la jornada dedicada a visibilizar el papel femenino dentro. As\u00ed mismo\u00a0fuera del escenario se consolida como la cita cultural de la semana del 8-M El Festival 100% Mujer afianza su lugar con Rozal\u00e9n como estrella invitada La Plaza de la Libertad ha sido el escenario del segundo Festival 100% Mujer. Adempas [&hellip;]<\/p>\n","protected":false},"author":1,"featured_media":13636,"comment_status":"open","ping_status":"closed","sticky":false,"template":"","format":"standard","meta":{"footnotes":""},"categories":[2],"tags":[],"class_list":["post-13634","post","type-post","status-publish","format-standard","has-post-thumbnail","hentry","category-cultural"],"_links":{"self":[{"href":"https:\/\/podernacional.com\/index.php?rest_route=\/wp\/v2\/posts\/13634","targetHints":{"allow":["GET"]}}],"collection":[{"href":"https:\/\/podernacional.com\/index.php?rest_route=\/wp\/v2\/posts"}],"about":[{"href":"https:\/\/podernacional.com\/index.php?rest_route=\/wp\/v2\/types\/post"}],"author":[{"embeddable":true,"href":"https:\/\/podernacional.com\/index.php?rest_route=\/wp\/v2\/users\/1"}],"replies":[{"embeddable":true,"href":"https:\/\/podernacional.com\/index.php?rest_route=%2Fwp%2Fv2%2Fcomments&post=13634"}],"version-history":[{"count":1,"href":"https:\/\/podernacional.com\/index.php?rest_route=\/wp\/v2\/posts\/13634\/revisions"}],"predecessor-version":[{"id":13635,"href":"https:\/\/podernacional.com\/index.php?rest_route=\/wp\/v2\/posts\/13634\/revisions\/13635"}],"wp:featuredmedia":[{"embeddable":true,"href":"https:\/\/podernacional.com\/index.php?rest_route=\/wp\/v2\/media\/13636"}],"wp:attachment":[{"href":"https:\/\/podernacional.com\/index.php?rest_route=%2Fwp%2Fv2%2Fmedia&parent=13634"}],"wp:term":[{"taxonomy":"category","embeddable":true,"href":"https:\/\/podernacional.com\/index.php?rest_route=%2Fwp%2Fv2%2Fcategories&post=13634"},{"taxonomy":"post_tag","embeddable":true,"href":"https:\/\/podernacional.com\/index.php?rest_route=%2Fwp%2Fv2%2Ftags&post=13634"}],"curies":[{"name":"wp","href":"https:\/\/api.w.org\/{rel}","templated":true}]}}