{"id":13646,"date":"2023-03-11T18:25:59","date_gmt":"2023-03-11T23:25:59","guid":{"rendered":"https:\/\/podernacional.com\/?p=13646"},"modified":"2023-03-11T23:26:00","modified_gmt":"2023-03-11T23:26:00","slug":"quintana-roo-contribuye-con-agilidad-y-eficacia-en-el-salvamento-arqueologico","status":"publish","type":"post","link":"https:\/\/podernacional.com\/?p=13646","title":{"rendered":"Quintana Roo Contribuye con Agilidad y Eficacia en el Salvamento Arqueol\u00f3gico"},"content":{"rendered":"<h4>La gobernadora Mara Lezama participa con el director general del INAH en reuni\u00f3n de an\u00e1lisis y balance del salvamento arqueol\u00f3gico<\/h4>\n<p>La gobernadora Mara Lezama Espinosa encabez\u00f3, junto con el director general del Instituto Nacional de Antropolog\u00eda e Historia (INAH).<\/p>\n<p>El cual\u00a0Diego Prieto, una reuni\u00f3n de an\u00e1lisis y balance del salvamento arqueol\u00f3gico del Tren Maya, en el tramo 7.<\/p>\n<p>La Gobernadora de Quintana Roo fue nombrada por el presidente Andr\u00e9s Manuel L\u00f3pez Obrador coordinadora del frente 1.<\/p>\n<p>Con esto de un total de siete, de este tramo, el cual mereci\u00f3 el reconocimiento del director del INAH.<\/p>\n<p>Mara Lezama hizo un reconocimiento al personal interinstitucional e interdisciplinario que participa en este salvamento arqueol\u00f3gico.<\/p>\n<p>El cual es\u00a0importante para la historia y cultura de Quintana Roo y que requiere la participaci\u00f3n de todas y todos.<\/p>\n<p>As\u00ed\u00a0como est\u00e1 contemplado en el Nuevo Acuerdo por el Bienestar y Desarrollo.<\/p>\n<p>\u201cHay que vivirlo para entender el trabajo extraordinario que realizan, como lo es cuidar los detalles, identificar cada piedra, cada pieza\u201d.<\/p>\n<h4>El cual se\u00a0expres\u00f3 la Gobernadora al hacer alusi\u00f3n que ella estuvo presente hace unos d\u00edas en puntos del frente 1.<\/h4>\n<p>Hay que avanzar, pero hay que cuidar como lo ha pedido el presidente L\u00f3pez Obrador.<\/p>\n<p>Es un trabajo extraordinario para una obra hist\u00f3rica de gran magnitud como lo es el Tren Maya, a\u00f1adi\u00f3 Mara Lezama.<\/p>\n<p>Diego Prieto, por su parte, reconoci\u00f3 el trabajo que realiza Quintana Roo en el frente 1, que es el que m\u00e1s avance tiene.<\/p>\n<p>Adem\u00e1s de que\u00a0donde hay m\u00e1s complejidad. En este tramo de 36.49 kil\u00f3metros se han liberado 29.06.<\/p>\n<p>Agradeci\u00f3 la disposici\u00f3n en general de los coordinadores de los 7 frentes, pues el objetivo es agilizar la liberaci\u00f3n del tramo 7.<\/p>\n<p>Esto con acciones de salvamento, a fin de iniciar la obra en s\u00ed, con la eficacia que requiere esta obra p\u00fablica.<\/p>\n<p>Durante la reuni\u00f3n, que se realiz\u00f3 en Palacio de Gobierno, Manuel P\u00e9rez Rivas, coordinador de rescate y salvamento arqueol\u00f3gico del INAH.<\/p>\n<p>El cual\u00a0explic\u00f3 que en el frente 1 se ha avanzado el 100% en recorrido de prospecci\u00f3n, con 17 arque\u00f3logos y 136 trabajadores manuales.<\/p>\n","protected":false},"excerpt":{"rendered":"<p>La gobernadora Mara Lezama participa con el director general del INAH en reuni\u00f3n de an\u00e1lisis y balance del salvamento arqueol\u00f3gico La gobernadora Mara Lezama Espinosa encabez\u00f3, junto con el director general del Instituto Nacional de Antropolog\u00eda e Historia (INAH). El cual\u00a0Diego Prieto, una reuni\u00f3n de an\u00e1lisis y balance del salvamento arqueol\u00f3gico del Tren Maya, en [&hellip;]<\/p>\n","protected":false},"author":1,"featured_media":13648,"comment_status":"open","ping_status":"closed","sticky":false,"template":"","format":"standard","meta":{"footnotes":""},"categories":[10],"tags":[],"class_list":["post-13646","post","type-post","status-publish","format-standard","has-post-thumbnail","hentry","category-quintana-roo"],"_links":{"self":[{"href":"https:\/\/podernacional.com\/index.php?rest_route=\/wp\/v2\/posts\/13646","targetHints":{"allow":["GET"]}}],"collection":[{"href":"https:\/\/podernacional.com\/index.php?rest_route=\/wp\/v2\/posts"}],"about":[{"href":"https:\/\/podernacional.com\/index.php?rest_route=\/wp\/v2\/types\/post"}],"author":[{"embeddable":true,"href":"https:\/\/podernacional.com\/index.php?rest_route=\/wp\/v2\/users\/1"}],"replies":[{"embeddable":true,"href":"https:\/\/podernacional.com\/index.php?rest_route=%2Fwp%2Fv2%2Fcomments&post=13646"}],"version-history":[{"count":1,"href":"https:\/\/podernacional.com\/index.php?rest_route=\/wp\/v2\/posts\/13646\/revisions"}],"predecessor-version":[{"id":13647,"href":"https:\/\/podernacional.com\/index.php?rest_route=\/wp\/v2\/posts\/13646\/revisions\/13647"}],"wp:featuredmedia":[{"embeddable":true,"href":"https:\/\/podernacional.com\/index.php?rest_route=\/wp\/v2\/media\/13648"}],"wp:attachment":[{"href":"https:\/\/podernacional.com\/index.php?rest_route=%2Fwp%2Fv2%2Fmedia&parent=13646"}],"wp:term":[{"taxonomy":"category","embeddable":true,"href":"https:\/\/podernacional.com\/index.php?rest_route=%2Fwp%2Fv2%2Fcategories&post=13646"},{"taxonomy":"post_tag","embeddable":true,"href":"https:\/\/podernacional.com\/index.php?rest_route=%2Fwp%2Fv2%2Ftags&post=13646"}],"curies":[{"name":"wp","href":"https:\/\/api.w.org\/{rel}","templated":true}]}}