{"id":13676,"date":"2023-03-12T12:55:36","date_gmt":"2023-03-12T17:55:36","guid":{"rendered":"https:\/\/podernacional.com\/?p=13676"},"modified":"2023-03-12T17:55:55","modified_gmt":"2023-03-12T17:55:55","slug":"jimena-de-la-pena-se-llevo-la-medalla-de-oro-en-el-campeonato-panamericano-junior-de-triatlon","status":"publish","type":"post","link":"https:\/\/podernacional.com\/?p=13676","title":{"rendered":"Jimena de la Pe\u00f1a se llev\u00f3 la medalla de oro en el Campeonato Panamericano Junior de Triatl\u00f3n"},"content":{"rendered":"<p>Grandes noticias para el deporte de nuestro pa\u00eds y es que Jimena de la Pe\u00f1a se colg\u00f3 la medalla de oro en el Campeonato Panamericano Junior de Triatl\u00f3n.<\/p>\n<p>La mexicana cruz\u00f3 la meta en Sarasota, Florida, con un tiempo de 56:57 minutos, dejando atr\u00e1s a la canadiense Sidney Clement (ganadora de la plata) y a la estadounidense Naomi Ruff, que se llev\u00f3 el bronce.<\/p>\n<p>La competidora lagunera registr\u00f3 una destacada participaci\u00f3n, pues desde la nataci\u00f3n comenz\u00f3 a acercarse a las oponentes ya mencionadas. M\u00e1s tarde, en la bicicleta, las distancias se acortaron y ya en la carrera (de 5 kil\u00f3metros) fue donde la mexicana tom\u00f3 el control y se adue\u00f1\u00f3 de la competencia, hasta conseguir la presea dorada.<\/p>\n<p>La propia Conade comparti\u00f3 el logro de la deportista mexicana, quien con esto, supera su resultado del a\u00f1o pasado en este mismo evento, donde qued\u00f3 en quinto lugar.<\/p>\n<p>&nbsp;<\/p>\n","protected":false},"excerpt":{"rendered":"<p>Grandes noticias para el deporte de nuestro pa\u00eds y es que Jimena de la Pe\u00f1a se colg\u00f3 la medalla de oro en el Campeonato Panamericano Junior de Triatl\u00f3n. La mexicana cruz\u00f3 la meta en Sarasota, Florida, con un tiempo de 56:57 minutos, dejando atr\u00e1s a la canadiense Sidney Clement (ganadora de la plata) y a [&hellip;]<\/p>\n","protected":false},"author":1,"featured_media":13678,"comment_status":"open","ping_status":"closed","sticky":false,"template":"","format":"standard","meta":{"footnotes":""},"categories":[3],"tags":[],"class_list":["post-13676","post","type-post","status-publish","format-standard","has-post-thumbnail","hentry","category-deportes"],"_links":{"self":[{"href":"https:\/\/podernacional.com\/index.php?rest_route=\/wp\/v2\/posts\/13676","targetHints":{"allow":["GET"]}}],"collection":[{"href":"https:\/\/podernacional.com\/index.php?rest_route=\/wp\/v2\/posts"}],"about":[{"href":"https:\/\/podernacional.com\/index.php?rest_route=\/wp\/v2\/types\/post"}],"author":[{"embeddable":true,"href":"https:\/\/podernacional.com\/index.php?rest_route=\/wp\/v2\/users\/1"}],"replies":[{"embeddable":true,"href":"https:\/\/podernacional.com\/index.php?rest_route=%2Fwp%2Fv2%2Fcomments&post=13676"}],"version-history":[{"count":1,"href":"https:\/\/podernacional.com\/index.php?rest_route=\/wp\/v2\/posts\/13676\/revisions"}],"predecessor-version":[{"id":13677,"href":"https:\/\/podernacional.com\/index.php?rest_route=\/wp\/v2\/posts\/13676\/revisions\/13677"}],"wp:featuredmedia":[{"embeddable":true,"href":"https:\/\/podernacional.com\/index.php?rest_route=\/wp\/v2\/media\/13678"}],"wp:attachment":[{"href":"https:\/\/podernacional.com\/index.php?rest_route=%2Fwp%2Fv2%2Fmedia&parent=13676"}],"wp:term":[{"taxonomy":"category","embeddable":true,"href":"https:\/\/podernacional.com\/index.php?rest_route=%2Fwp%2Fv2%2Fcategories&post=13676"},{"taxonomy":"post_tag","embeddable":true,"href":"https:\/\/podernacional.com\/index.php?rest_route=%2Fwp%2Fv2%2Ftags&post=13676"}],"curies":[{"name":"wp","href":"https:\/\/api.w.org\/{rel}","templated":true}]}}