{"id":13727,"date":"2023-03-14T17:51:35","date_gmt":"2023-03-14T22:51:35","guid":{"rendered":"https:\/\/podernacional.com\/?p=13727"},"modified":"2023-03-14T22:51:37","modified_gmt":"2023-03-14T22:51:37","slug":"el-coop-festival-que-llenara-de-actividades-la-zona-centro-de-la-ciudad-ultima-su-dispositivo-de-seguridad","status":"publish","type":"post","link":"https:\/\/podernacional.com\/?p=13727","title":{"rendered":"El Coop Festival, que llenar\u00e1 de actividades la zona centro de la ciudad, ultima su dispositivo de seguridad"},"content":{"rendered":"<h4>Promovido por la Agencia Extreme\u00f1a de Cooperaci\u00f3n Internacional para el Desarrollo (AEXCID).<\/h4>\n<p>El cual\u00a0est\u00e1 organizado por Asociaci\u00f3n de Desarrollo Rurex y la Fundaci\u00f3n Tri\u00e1ngulo con la colaboraci\u00f3n del Ayuntamiento<\/p>\n<p>El Festival de la Cooperaci\u00f3n Internacional de Extremadura (Coop Festival) vuelve a M\u00e9rida con una programaci\u00f3n que reivindica la cultura.<\/p>\n<p>Esto\u00a0como herramienta de transformaci\u00f3n social en la construcci\u00f3n de una sociedad m\u00e1s justa, igualitaria.<\/p>\n<p>Adem\u00e1s de estar\u00a0comprometida con la defensa de los derechos humanos, la justicia social, la defensa del medio ambiente y la paz<\/p>\n<p>Las delegaciones municipales de Seguridad Ciudadana y Cultura han convocado hoy la mesa t\u00e9cnica de seguridad.<\/p>\n<p>Esto\u00a0del Festival de la Cooperaci\u00f3n Internacional de Extremadura que se celebrar\u00e1 los d\u00edas 24 y 25 de marzo.<\/p>\n<p>En esta reuni\u00f3n a la que han asistido representantes de la Polic\u00eda Local, Polic\u00eda Nacional, Cuerpo de Bomberos.<\/p>\n<p>Adem\u00e1s del\u00a0Consorcio de la Ciudad Monumental y de la organizaci\u00f3n, se han previsto todas las medidas de seguridad.<\/p>\n<p>As\u00ed como de estar\u00a0organizativas para la celebraci\u00f3n del evento que discurrir\u00e1 por la zona centro de la ciudad.<\/p>\n<p>El Festival de la Cooperaci\u00f3n Internacional de Extremadura (Coop Festival) vuelve a M\u00e9rida con una programaci\u00f3n.<\/p>\n<p>El cual\u00a0reivindica la cultura como herramienta de transformaci\u00f3n social en la construcci\u00f3n de una sociedad m\u00e1s justa.<\/p>\n<h4>As\u00ed como de\u00a0igualitaria y comprometida con la defensa de los derechos humanos, la justicia social, la defensa del medio ambiente y la paz.<\/h4>\n<p>Se celebrar\u00e1 en tres zonas como son el Templo de Diana, la Plaza de Espa\u00f1a y la calle Santa Eulalia.<\/p>\n<p>El Coop Festival 2023 pretende visibilizar el trabajo que se hace desde la Cooperaci\u00f3n y las Ong\u2019s extreme\u00f1as.<\/p>\n<p>Adem\u00e1s que\u00a0para ello se ha conformado una programaci\u00f3n que encabezan Kiko Veneno y Sole\u00e1 Morente.<\/p>\n<p>Al igual de que se complementar\u00e1 con la Ruta de la Cooperaci\u00f3n y las propuestas ganadoras de la convocatoria de artistas \u201cComunicarte\u201d.<\/p>\n<p>Promovido por la Agencia Extreme\u00f1a de Cooperaci\u00f3n Internacional para el Desarrollo (AEXCID).<\/p>\n<p>As\u00ed mismo de que\u00a0est\u00e1 organizado por Asociaci\u00f3n de Desarrollo Rurex y la Fundaci\u00f3n Tri\u00e1ngulo con la colaboraci\u00f3n del Ayuntamiento de M\u00e9rida.<\/p>\n<p>La programaci\u00f3n comienza el 24 de marzo en la Escuela de Arte con una Master Class a trav\u00e9s de artistas que son referentes nacionales.<\/p>\n<p>As\u00ed mismo de\u00a0que nos mostrar\u00e1n c\u00f3mo utilizan ese arte como mensaje de protesta, denuncia social y medioambiental.<\/p>\n<p>El 25 por la ma\u00f1ana, todas las organizaciones visibilizar\u00e1n sus proyectos de cooperaci\u00f3n y trabajos en el Templo de Diana:<\/p>\n<p>\u201cUn espacio de encuentro en el que la ciudadan\u00eda podr\u00e1 comprobar su trabajo\u201d ha se\u00f1alado Castillo.<\/p>\n<p>Esa misma ma\u00f1ana, en el Templo de Diana, habr\u00e1 un programa de radio en directo.<\/p>\n<p>As\u00ed como de\u00a0unas bandas que han sido seleccionadas en la convocatoria que finaliz\u00f3 el pasado 19 de febrero.<\/p>\n<p>&nbsp;<\/p>\n","protected":false},"excerpt":{"rendered":"<p>Promovido por la Agencia Extreme\u00f1a de Cooperaci\u00f3n Internacional para el Desarrollo (AEXCID). El cual\u00a0est\u00e1 organizado por Asociaci\u00f3n de Desarrollo Rurex y la Fundaci\u00f3n Tri\u00e1ngulo con la colaboraci\u00f3n del Ayuntamiento El Festival de la Cooperaci\u00f3n Internacional de Extremadura (Coop Festival) vuelve a M\u00e9rida con una programaci\u00f3n que reivindica la cultura. Esto\u00a0como herramienta de transformaci\u00f3n social en [&hellip;]<\/p>\n","protected":false},"author":1,"featured_media":13729,"comment_status":"open","ping_status":"closed","sticky":false,"template":"","format":"standard","meta":{"footnotes":""},"categories":[2],"tags":[],"class_list":["post-13727","post","type-post","status-publish","format-standard","has-post-thumbnail","hentry","category-cultural"],"_links":{"self":[{"href":"https:\/\/podernacional.com\/index.php?rest_route=\/wp\/v2\/posts\/13727","targetHints":{"allow":["GET"]}}],"collection":[{"href":"https:\/\/podernacional.com\/index.php?rest_route=\/wp\/v2\/posts"}],"about":[{"href":"https:\/\/podernacional.com\/index.php?rest_route=\/wp\/v2\/types\/post"}],"author":[{"embeddable":true,"href":"https:\/\/podernacional.com\/index.php?rest_route=\/wp\/v2\/users\/1"}],"replies":[{"embeddable":true,"href":"https:\/\/podernacional.com\/index.php?rest_route=%2Fwp%2Fv2%2Fcomments&post=13727"}],"version-history":[{"count":1,"href":"https:\/\/podernacional.com\/index.php?rest_route=\/wp\/v2\/posts\/13727\/revisions"}],"predecessor-version":[{"id":13728,"href":"https:\/\/podernacional.com\/index.php?rest_route=\/wp\/v2\/posts\/13727\/revisions\/13728"}],"wp:featuredmedia":[{"embeddable":true,"href":"https:\/\/podernacional.com\/index.php?rest_route=\/wp\/v2\/media\/13729"}],"wp:attachment":[{"href":"https:\/\/podernacional.com\/index.php?rest_route=%2Fwp%2Fv2%2Fmedia&parent=13727"}],"wp:term":[{"taxonomy":"category","embeddable":true,"href":"https:\/\/podernacional.com\/index.php?rest_route=%2Fwp%2Fv2%2Fcategories&post=13727"},{"taxonomy":"post_tag","embeddable":true,"href":"https:\/\/podernacional.com\/index.php?rest_route=%2Fwp%2Fv2%2Ftags&post=13727"}],"curies":[{"name":"wp","href":"https:\/\/api.w.org\/{rel}","templated":true}]}}