{"id":13733,"date":"2023-03-14T18:21:57","date_gmt":"2023-03-14T23:21:57","guid":{"rendered":"https:\/\/podernacional.com\/?p=13733"},"modified":"2023-03-14T23:21:59","modified_gmt":"2023-03-14T23:21:59","slug":"tech-amp-play-el-festival-de-tecnologia-para-todo-el-mundo","status":"publish","type":"post","link":"https:\/\/podernacional.com\/?p=13733","title":{"rendered":"Tech &amp;amp; Play, el festival de tecnolog\u00eda para todo el mundo"},"content":{"rendered":"<h4>Del 17 al 19 de marzo se llevar\u00e1 a cabo el Tech &amp; Play de Mobile World Capital.<\/h4>\n<p>Por ende\u00a0el primer festival de\u00a0tecnolog\u00eda para todo el mundo que trasladar\u00e1 a la ciudadan\u00eda las experiencias.<\/p>\n<p>As\u00ed como de\u00a0los avances tecnol\u00f3gicos que se han mostrado en la \u00faltima edici\u00f3n del Mobile World Congress Barcelona.<\/p>\n<p>El objetivo del festival es humanizar la tecnolog\u00eda y que todo el mundo pueda acceder a ella de una manera l\u00fadica, sencilla y educativa.<\/p>\n<p>En el Teatre Lliure de Montju\u00efc se llevar\u00e1n a cabo una treintena de actividades gratuitas pensadas para que peque\u00f1os y mayores vean.<\/p>\n<p>Adem\u00e1s de que\u00a0toquen las novedades y, sobre todo, experimenten con ellas.<\/p>\n<p>Entre las actividades programadas hay seis charlas y conferencias de expertos en tecnolog\u00eda e innovaci\u00f3n digital.<\/p>\n<p>As\u00ed como del recorrido Feel The Technology, con el cual se podr\u00e1 realizar un circuito por los cinco sentidos.<\/p>\n<p>Esto para familiarizarse con las \u00faltimas tendencias del mundo digital; una exposici\u00f3n de obras de arte inspiradas en Barcelona y en formato digital.<\/p>\n<h4>Al igual de que\u00a0gracias a la galer\u00eda de arte Moool; el Plantivers donde mantener una conversaci\u00f3n con las plantas interactivas Herbie y Mentie.<\/h4>\n<p>O bien\u00a0o ZOOHHH!, un zoo hologr\u00e1fico, donde a trav\u00e9s de una pantalla volum\u00e9trica los m\u00e1s j\u00f3venes podr\u00e1n interactuar.<\/p>\n<p>Esto\u00a0con cuatro animales del zoo de Barcelona, entre otros.<\/p>\n<p>Tambi\u00e9n habr\u00e1 personajes influyentes del mundo de la tecnolog\u00eda y la digitalizaci\u00f3n, como el experto en hacking y seguridad tecnol\u00f3gica Chema Alonso.<\/p>\n<p>As\u00ed como del periodista y streamer Gerard Romero; la streamer de videojuegos, Becky Srta. Hoot Hoot, o Neil Harbisson.<\/p>\n<p>As\u00ed como de\u00a0la primera persona que vive con una antena implantada en la cabeza y que est\u00e1 reconocida oficialmente como c\u00edborg.<\/p>\n<p>Adem\u00e1s, tambi\u00e9n habr\u00e1 espect\u00e1culos para amenizar la jornada.<\/p>\n<p>El domingo se celebrar\u00e1 el Family Day, una jornada destinada espec\u00edficamente a los m\u00e1s peque\u00f1os.<\/p>\n<p>Esto\u00a0en la que se podr\u00e1 disfrutar de actividades dise\u00f1adas espec\u00edficamente para ellos para fomentar sus habilidades y las capacidades digitales de una forma l\u00fadica.<\/p>\n<p>&nbsp;<\/p>\n","protected":false},"excerpt":{"rendered":"<p>Del 17 al 19 de marzo se llevar\u00e1 a cabo el Tech &amp; Play de Mobile World Capital. Por ende\u00a0el primer festival de\u00a0tecnolog\u00eda para todo el mundo que trasladar\u00e1 a la ciudadan\u00eda las experiencias. As\u00ed como de\u00a0los avances tecnol\u00f3gicos que se han mostrado en la \u00faltima edici\u00f3n del Mobile World Congress Barcelona. El objetivo del [&hellip;]<\/p>\n","protected":false},"author":1,"featured_media":13735,"comment_status":"open","ping_status":"closed","sticky":false,"template":"","format":"standard","meta":{"footnotes":""},"categories":[13],"tags":[],"class_list":["post-13733","post","type-post","status-publish","format-standard","has-post-thumbnail","hentry","category-tecnologia"],"_links":{"self":[{"href":"https:\/\/podernacional.com\/index.php?rest_route=\/wp\/v2\/posts\/13733","targetHints":{"allow":["GET"]}}],"collection":[{"href":"https:\/\/podernacional.com\/index.php?rest_route=\/wp\/v2\/posts"}],"about":[{"href":"https:\/\/podernacional.com\/index.php?rest_route=\/wp\/v2\/types\/post"}],"author":[{"embeddable":true,"href":"https:\/\/podernacional.com\/index.php?rest_route=\/wp\/v2\/users\/1"}],"replies":[{"embeddable":true,"href":"https:\/\/podernacional.com\/index.php?rest_route=%2Fwp%2Fv2%2Fcomments&post=13733"}],"version-history":[{"count":1,"href":"https:\/\/podernacional.com\/index.php?rest_route=\/wp\/v2\/posts\/13733\/revisions"}],"predecessor-version":[{"id":13734,"href":"https:\/\/podernacional.com\/index.php?rest_route=\/wp\/v2\/posts\/13733\/revisions\/13734"}],"wp:featuredmedia":[{"embeddable":true,"href":"https:\/\/podernacional.com\/index.php?rest_route=\/wp\/v2\/media\/13735"}],"wp:attachment":[{"href":"https:\/\/podernacional.com\/index.php?rest_route=%2Fwp%2Fv2%2Fmedia&parent=13733"}],"wp:term":[{"taxonomy":"category","embeddable":true,"href":"https:\/\/podernacional.com\/index.php?rest_route=%2Fwp%2Fv2%2Fcategories&post=13733"},{"taxonomy":"post_tag","embeddable":true,"href":"https:\/\/podernacional.com\/index.php?rest_route=%2Fwp%2Fv2%2Ftags&post=13733"}],"curies":[{"name":"wp","href":"https:\/\/api.w.org\/{rel}","templated":true}]}}