{"id":13772,"date":"2023-03-15T18:13:24","date_gmt":"2023-03-15T23:13:24","guid":{"rendered":"https:\/\/podernacional.com\/?p=13772"},"modified":"2023-03-15T23:13:25","modified_gmt":"2023-03-15T23:13:25","slug":"festival-noche-de-primavera-2023-deleitara-al-publico-capitalino-en-nueve-sedes-del-centro-historico","status":"publish","type":"post","link":"https:\/\/podernacional.com\/?p=13772","title":{"rendered":"Festival noche de primavera 2023 deleitar\u00e1 al p\u00fablico capitalino en nueve sedes del centro hist\u00f3rico"},"content":{"rendered":"<h4>El jazz se escuchar\u00e1 en el Museo de la Ciudad de M\u00e9xico y el Teatro de la Ciudad Esperanza Iris.<\/h4>\n<p>Esto a la par que el rock pop en la Plaza de Santo Domingo, la m\u00fasica electr\u00f3nica en Plaza Manuel Tols\u00e1.<\/p>\n<p>As\u00ed como de una oferta experimental en el Centro Cultural Espa\u00f1a en M\u00e9xico.<\/p>\n<ul>\n<li>El folklore y la m\u00fasica tropical inundar\u00e1n el Kiosco de la Alameda Central mientras la \u00f3pera tomar\u00e1 el balc\u00f3n del Museo del Estanquillo.<\/li>\n<\/ul>\n<p>Al igual que\u00a0los boleros llegar\u00e1n al Edificio Guardiola.<\/p>\n<ul>\n<li>El Z\u00f3calo capitalino reunir\u00e1 a grandes del acetato con m\u00e1s de 30 sonideros de mujeres y hombres como Sonido La Changa.<\/li>\n<\/ul>\n<p>As\u00ed como de\u00a0La Conga, Dinast\u00eda Perea de Pe\u00f1\u00f3n de los Ba\u00f1os, Lupita La Cigarrita, Dinast\u00eda Duende, Marisol Mendoza y Sonido Musa Mayor, entre otros.<\/p>\n<p>Para celebrar desde las artes la llegada de la colorida y c\u00e1lida estaci\u00f3n del a\u00f1o que marca el reverdecer de la ciudad.<\/p>\n<p>Por ende,\u00a0la secretaria de Cultura local, Claudia Curiel de Icaza, present\u00f3 la Noche de Primavera 2023<\/p>\n<h4>Dicho\u00a0festival organizado a trav\u00e9s de la Direcci\u00f3n General de Grandes Festivales.<\/h4>\n<p>El cual tomar\u00e1 el Centro Hist\u00f3rico el pr\u00f3ximo s\u00e1bado 25 de marzo, de las 12:00 a las 00:00 horas, para compartir una variada oferta musical.<\/p>\n<p>\u00abEsta Noche de Primavera tenemos m\u00e1s de 400 artistas invitados que se van a presentar en nueve plazas del Centro Hist\u00f3rico.<\/p>\n<p>Es todo un d\u00eda completo de actividades de distintos g\u00e9neros: hay pop, rock, electr\u00f3nica, jazz, bolero y un baile masivo.<\/p>\n<p>El cual es\u00a0que vamos a tener con sonideras y sonideros en el Z\u00f3calo capitalino\u00bb, extern\u00f3 la titular desde la terraza del Museo del Estanquillo.<\/p>\n<p>Acompa\u00f1ada de algunos representantes de los m\u00e1s de 50 elencos participantes.<\/p>\n<p>Con esto, la funcionaria subray\u00f3 la gratuidad de toda esta oferta como un impulso que da el Gobierno capitalino a la diversidad musical.<\/p>\n<p>As\u00ed como\u00a0para la difusi\u00f3n de sus talentos nacionales y expresiones populares en la toma del espacio p\u00fablico.<\/p>\n<p>Ya que da\u00a0lugar de representaci\u00f3n de la escena cultural de la ciudad.<\/p>\n","protected":false},"excerpt":{"rendered":"<p>El jazz se escuchar\u00e1 en el Museo de la Ciudad de M\u00e9xico y el Teatro de la Ciudad Esperanza Iris. Esto a la par que el rock pop en la Plaza de Santo Domingo, la m\u00fasica electr\u00f3nica en Plaza Manuel Tols\u00e1. As\u00ed como de una oferta experimental en el Centro Cultural Espa\u00f1a en M\u00e9xico. El [&hellip;]<\/p>\n","protected":false},"author":1,"featured_media":13774,"comment_status":"open","ping_status":"closed","sticky":false,"template":"","format":"standard","meta":{"footnotes":""},"categories":[2],"tags":[],"class_list":["post-13772","post","type-post","status-publish","format-standard","has-post-thumbnail","hentry","category-cultural"],"_links":{"self":[{"href":"https:\/\/podernacional.com\/index.php?rest_route=\/wp\/v2\/posts\/13772","targetHints":{"allow":["GET"]}}],"collection":[{"href":"https:\/\/podernacional.com\/index.php?rest_route=\/wp\/v2\/posts"}],"about":[{"href":"https:\/\/podernacional.com\/index.php?rest_route=\/wp\/v2\/types\/post"}],"author":[{"embeddable":true,"href":"https:\/\/podernacional.com\/index.php?rest_route=\/wp\/v2\/users\/1"}],"replies":[{"embeddable":true,"href":"https:\/\/podernacional.com\/index.php?rest_route=%2Fwp%2Fv2%2Fcomments&post=13772"}],"version-history":[{"count":1,"href":"https:\/\/podernacional.com\/index.php?rest_route=\/wp\/v2\/posts\/13772\/revisions"}],"predecessor-version":[{"id":13773,"href":"https:\/\/podernacional.com\/index.php?rest_route=\/wp\/v2\/posts\/13772\/revisions\/13773"}],"wp:featuredmedia":[{"embeddable":true,"href":"https:\/\/podernacional.com\/index.php?rest_route=\/wp\/v2\/media\/13774"}],"wp:attachment":[{"href":"https:\/\/podernacional.com\/index.php?rest_route=%2Fwp%2Fv2%2Fmedia&parent=13772"}],"wp:term":[{"taxonomy":"category","embeddable":true,"href":"https:\/\/podernacional.com\/index.php?rest_route=%2Fwp%2Fv2%2Fcategories&post=13772"},{"taxonomy":"post_tag","embeddable":true,"href":"https:\/\/podernacional.com\/index.php?rest_route=%2Fwp%2Fv2%2Ftags&post=13772"}],"curies":[{"name":"wp","href":"https:\/\/api.w.org\/{rel}","templated":true}]}}