{"id":13775,"date":"2023-03-15T18:16:56","date_gmt":"2023-03-15T23:16:56","guid":{"rendered":"https:\/\/podernacional.com\/?p=13775"},"modified":"2023-03-15T23:16:57","modified_gmt":"2023-03-15T23:16:57","slug":"esto-es-lo-que-debes-saber-sobre-el-primer-festival-lgbt-de-musica-en-cdmx","status":"publish","type":"post","link":"https:\/\/podernacional.com\/?p=13775","title":{"rendered":"Esto es lo que debes saber sobre el primer festival LGBT de m\u00fasica en CDMX"},"content":{"rendered":"<h4>Paulina Rubio, Kabah y Locom\u00eda son algunos de los nombres que resaltan en el c\u00e1rtel de este concierto<\/h4>\n<p>Love &amp; Pride<\/p>\n<p>Te decimos cu\u00e1ndo ser\u00e1 la preventa de boletos. foto pixabay<\/p>\n<p>M\u00e9xico tendr\u00e1 su primer festival LGBT. Love &amp; Pride se celebrar\u00e1 en la Ciudad de M\u00e9xico el 3 de junio.<\/p>\n<p>Adem\u00e1s de que contar\u00e1 con las actuaciones de la ic\u00f3nica Paulina Rubio, el grupo mexicano Kabah.<\/p>\n<p>Al igual que la renovada banda espa\u00f1ola Locom\u00eda y promete ser una celebraci\u00f3n de la unidad, la lucha y la libertad.<\/p>\n<p>No es otro festival de m\u00fasica m\u00e1s. Es el primer festival de m\u00fasica en Latinoam\u00e9rica que abraza la diversidad sexual\u00bb.<\/p>\n<p>Esto\u00a0dijo el comunicador y creador de contenido Quique Galdeano, quien presidi\u00f3 la conferencia de prensa de presentaci\u00f3n del festival.<\/p>\n<p>As\u00ed como que\u00a0dio los detalles del evento que, asegur\u00f3, llevaba tres a\u00f1os de \u00abpensarse, analizarse y so\u00f1arse\u00bb.<\/p>\n<p>Saludos #Mexico y. a todos los del @loveandpridemx @PBicentenarioMX en la #CDMX Nos vemos el pr\u00f3ximo 3 de junio saludos<\/p>\n<p>atte #Felix #Ricky #Harold #Eden#LocomiaOficial #locomia #Abanicos#oveypride #LGBTplusHM#LGBTQ #pride #MexicoCity pic.twitter.com\/pBszT8O2WN<\/p>\n<p>\u2014 Locomia Oficial (@Locomia_Oficial) March 15, 2023<\/p>\n<p>Adem\u00e1s de los artistas mencionados, tambi\u00e9n ofrecer\u00e1n conciertos otros como Flor Amargo, Sophia Thompson, Paty Cant\u00fa, Zemmoa o Andrew Cassara.<\/p>\n<h4>Estoy muy dichosa de presentarme este 3 de junio, me siento s\u00faper emocionada y de cantar, ya est\u00e1 dicho. Paulina is in the house\u201d.<\/h4>\n<p>Esto lo\u00a0dijo la cantante de himnos como \u00abNi una sola palabra\u00bb o \u00abYo no soy esa mujer\u00bb en un video proyectado en el evento.<\/p>\n<p>Por su parte, Flor Amargo, quien s\u00ed estuvo presente en el evento, realizado en la Arena CDMX.<\/p>\n<p>El cual\u00a0dijo que \u00abvida solo hay una, as\u00ed que atreverse a ser quien uno es, es lo que venimos a hacer\u00bb, expuso.<\/p>\n<p>Pero tambi\u00e9n ser\u00e1n protagonistas del evento m\u00e1s de 30 comunicadores, influencers, activistas y artistas.<\/p>\n<p>Entre ellos Alejandra Bogue, Natalia Lane, Michelle Rodr\u00edguez, Kunno, Taiga Brava, Rojstar, Leslie Gallardo, Le Paline, Deborah la Grande o Jerry Vel\u00e1zquez.<\/p>\n<p>Save The Date #LoveAndPride2023 Ser\u00e1 el pr\u00f3ximo 3 de junio en el Parque Bicentenario.<\/p>\n<p>Preventa a partir del 16, 17 y 18 de Marzo por @heybanco pic.twitter.com\/4xgMwYd1ld<\/p>\n<p>\u2014 LOVE &amp; PRIDE (@loveandpridemx) March 14, 2023<\/p>\n<p>El evento, organizado por M2C, Zignia y Pinkbox, se realizar\u00e1 en el Parque Bicentenario.<\/p>\n<p>As\u00ed como de\u00a0la preventa de los boletos ser\u00e1 los pr\u00f3ximos 16, 17 y 18 de marzo a trav\u00e9s de la plataforma Superboletos.<\/p>\n<p>El pr\u00f3ximo 19 de abril se dar\u00e1n m\u00e1s detalles acerca del Festival Love&amp;Pride en un evento que se realizar\u00e1 en el Museo Memoria y Tolerancia.<\/p>\n<p>El cual est\u00e1\u00a0ubicado en el centro hist\u00f3rico de la capital mexicana.<\/p>\n","protected":false},"excerpt":{"rendered":"<p>Paulina Rubio, Kabah y Locom\u00eda son algunos de los nombres que resaltan en el c\u00e1rtel de este concierto Love &amp; Pride Te decimos cu\u00e1ndo ser\u00e1 la preventa de boletos. foto pixabay M\u00e9xico tendr\u00e1 su primer festival LGBT. Love &amp; Pride se celebrar\u00e1 en la Ciudad de M\u00e9xico el 3 de junio. Adem\u00e1s de que contar\u00e1 [&hellip;]<\/p>\n","protected":false},"author":1,"featured_media":13777,"comment_status":"open","ping_status":"closed","sticky":false,"template":"","format":"standard","meta":{"footnotes":""},"categories":[4],"tags":[],"class_list":["post-13775","post","type-post","status-publish","format-standard","has-post-thumbnail","hentry","category-espectaculos"],"_links":{"self":[{"href":"https:\/\/podernacional.com\/index.php?rest_route=\/wp\/v2\/posts\/13775","targetHints":{"allow":["GET"]}}],"collection":[{"href":"https:\/\/podernacional.com\/index.php?rest_route=\/wp\/v2\/posts"}],"about":[{"href":"https:\/\/podernacional.com\/index.php?rest_route=\/wp\/v2\/types\/post"}],"author":[{"embeddable":true,"href":"https:\/\/podernacional.com\/index.php?rest_route=\/wp\/v2\/users\/1"}],"replies":[{"embeddable":true,"href":"https:\/\/podernacional.com\/index.php?rest_route=%2Fwp%2Fv2%2Fcomments&post=13775"}],"version-history":[{"count":1,"href":"https:\/\/podernacional.com\/index.php?rest_route=\/wp\/v2\/posts\/13775\/revisions"}],"predecessor-version":[{"id":13776,"href":"https:\/\/podernacional.com\/index.php?rest_route=\/wp\/v2\/posts\/13775\/revisions\/13776"}],"wp:featuredmedia":[{"embeddable":true,"href":"https:\/\/podernacional.com\/index.php?rest_route=\/wp\/v2\/media\/13777"}],"wp:attachment":[{"href":"https:\/\/podernacional.com\/index.php?rest_route=%2Fwp%2Fv2%2Fmedia&parent=13775"}],"wp:term":[{"taxonomy":"category","embeddable":true,"href":"https:\/\/podernacional.com\/index.php?rest_route=%2Fwp%2Fv2%2Fcategories&post=13775"},{"taxonomy":"post_tag","embeddable":true,"href":"https:\/\/podernacional.com\/index.php?rest_route=%2Fwp%2Fv2%2Ftags&post=13775"}],"curies":[{"name":"wp","href":"https:\/\/api.w.org\/{rel}","templated":true}]}}