{"id":13808,"date":"2023-03-16T17:48:48","date_gmt":"2023-03-16T22:48:48","guid":{"rendered":"https:\/\/podernacional.com\/?p=13808"},"modified":"2023-03-16T22:48:49","modified_gmt":"2023-03-16T22:48:49","slug":"anuncian-gobierno-de-puebla-y-pahuatlan-festival-cultural-de-la-sierra-2023","status":"publish","type":"post","link":"https:\/\/podernacional.com\/?p=13808","title":{"rendered":"Anuncian gobierno de Puebla y Pahuatl\u00e1n \u201cFestival Cultural de la Sierra 2023\u201d"},"content":{"rendered":"<h4>El gobierno de Puebla, a trav\u00e9s de la Secretar\u00eda de Cultura, y el Ayuntamiento de Pahuatl\u00e1n anunciaron el:<\/h4>\n<ul>\n<li>Este evento se llevar\u00e1 a cabo del 02 al 09 de abril en dicha demarcaci\u00f3n<\/li>\n<li>Contempla actividades de artesan\u00edas, literatura, danza, teatro, rituales y el tradicional \u201cJueves de huapango\u201d<\/li>\n<\/ul>\n<p>\u201cFestival Cultural de la Sierra 2023\u201d, que se realizar\u00e1 del 02 al 09 de abril en dicho municipio por motivo de la Semana Santa.<\/p>\n<p>En rueda de prensa, el titular de la dependencia, Sergio Vergara Berdejo destac\u00f3 que en este festival ser\u00e1n expuestos.<\/p>\n<p>Dichos\u00a0todos los atractivos culturales de Pahuatl\u00e1n (gastronom\u00eda, deportes, artesan\u00edas y actividades art\u00edsticas).<\/p>\n<p>Esto durante los siete d\u00edas de celebraci\u00f3n; adem\u00e1s, las y los asistentes podr\u00e1n disfrutar de la riqueza tur\u00edstica del lugar y los alrededores.<\/p>\n<p>As\u00ed como del rescate de ciertas danzas que solo existen en esa regi\u00f3n.<\/p>\n<p>El festival contempla eventos art\u00edsticos, culturales y deportivos, tales como talleres artesanales de papel amate, chaquiras y bordados.<\/p>\n<h4>Adem\u00e1s de\u00a0danzas tradicionales como quetzales, acatlaxquis y negritos; obras de teatro; rituales como el del enfloramiento.<\/h4>\n<p>As\u00ed como de\u00a0la ceremonia de los voladores; lanzamiento de globo de cantoya monumental; fomento a la lectura; conversatorios.<\/p>\n<p>Al igual que la\u00a0gastronom\u00eda y exposiciones fotogr\u00e1ficas y de maquetas de Puebla.<\/p>\n<p>Adem\u00e1s, contar\u00e1 con la participaci\u00f3n de 80 artesanos de municipios de Puebla e Hidalgo.<\/p>\n<p>As\u00ed como de artistas nacionales e internacionales como el grupo de rock Insurpipol, Filipa Giordano, Mi Banda El Mexicano.<\/p>\n<p>Al igual que\u00a0Los Cadetes de Linares, Los Askis y tr\u00edos huastecos.<\/p>\n<p>Con esto estos \u00faltimos ofrecer\u00e1n 12 horas de m\u00fasica en el tradicional \u201cJueves de huapango en Pahuatl\u00e1n\u201d.<\/p>\n<p>El festival es realizado desde hace m\u00e1s de 40 a\u00f1os con el objetivo de resaltar la riqueza y patrimonio cultural de Pahuatl\u00e1n.<\/p>\n<p>Dicho\u00a0municipio ubicado en la Sierra Norte a dos horas de la capital poblana.<\/p>\n<p>Para consultar detalles, las y los interesados pueden ingresar a la p\u00e1gina de Facebook: \u201cH. Ayuntamiento de Pahuatl\u00e1n 2021-2024\u201d.<\/p>\n","protected":false},"excerpt":{"rendered":"<p>El gobierno de Puebla, a trav\u00e9s de la Secretar\u00eda de Cultura, y el Ayuntamiento de Pahuatl\u00e1n anunciaron el: Este evento se llevar\u00e1 a cabo del 02 al 09 de abril en dicha demarcaci\u00f3n Contempla actividades de artesan\u00edas, literatura, danza, teatro, rituales y el tradicional \u201cJueves de huapango\u201d \u201cFestival Cultural de la Sierra 2023\u201d, que se [&hellip;]<\/p>\n","protected":false},"author":1,"featured_media":13810,"comment_status":"open","ping_status":"closed","sticky":false,"template":"","format":"standard","meta":{"footnotes":""},"categories":[7],"tags":[],"class_list":["post-13808","post","type-post","status-publish","format-standard","has-post-thumbnail","hentry","category-nacional"],"_links":{"self":[{"href":"https:\/\/podernacional.com\/index.php?rest_route=\/wp\/v2\/posts\/13808","targetHints":{"allow":["GET"]}}],"collection":[{"href":"https:\/\/podernacional.com\/index.php?rest_route=\/wp\/v2\/posts"}],"about":[{"href":"https:\/\/podernacional.com\/index.php?rest_route=\/wp\/v2\/types\/post"}],"author":[{"embeddable":true,"href":"https:\/\/podernacional.com\/index.php?rest_route=\/wp\/v2\/users\/1"}],"replies":[{"embeddable":true,"href":"https:\/\/podernacional.com\/index.php?rest_route=%2Fwp%2Fv2%2Fcomments&post=13808"}],"version-history":[{"count":1,"href":"https:\/\/podernacional.com\/index.php?rest_route=\/wp\/v2\/posts\/13808\/revisions"}],"predecessor-version":[{"id":13809,"href":"https:\/\/podernacional.com\/index.php?rest_route=\/wp\/v2\/posts\/13808\/revisions\/13809"}],"wp:featuredmedia":[{"embeddable":true,"href":"https:\/\/podernacional.com\/index.php?rest_route=\/wp\/v2\/media\/13810"}],"wp:attachment":[{"href":"https:\/\/podernacional.com\/index.php?rest_route=%2Fwp%2Fv2%2Fmedia&parent=13808"}],"wp:term":[{"taxonomy":"category","embeddable":true,"href":"https:\/\/podernacional.com\/index.php?rest_route=%2Fwp%2Fv2%2Fcategories&post=13808"},{"taxonomy":"post_tag","embeddable":true,"href":"https:\/\/podernacional.com\/index.php?rest_route=%2Fwp%2Fv2%2Ftags&post=13808"}],"curies":[{"name":"wp","href":"https:\/\/api.w.org\/{rel}","templated":true}]}}