{"id":13811,"date":"2023-03-16T17:56:20","date_gmt":"2023-03-16T22:56:20","guid":{"rendered":"https:\/\/podernacional.com\/?p=13811"},"modified":"2023-03-16T22:56:21","modified_gmt":"2023-03-16T22:56:21","slug":"asiste-al-festival-del-pulque-gastronomia-tipica-y-el-mezcal-en-cdmx","status":"publish","type":"post","link":"https:\/\/podernacional.com\/?p=13811","title":{"rendered":"Asiste al Festival del Pulque, Gastronom\u00eda T\u00edpica y el Mezcal en CDMX"},"content":{"rendered":"<h4>El Festival del Pulque, Gastronom\u00eda T\u00edpica y el Mezcal en CDMX ser\u00e1 uno de los eventos donde disfrutar de ricas bebidas y platillos<\/h4>\n<p>En CDMX asiste al Festival del Pulque, Gastronom\u00eda T\u00edpica y el Mezcal.<\/p>\n<p>El cua\u00a0lse har\u00e1 presente dentro de unas semanas teniendo de tem\u00e1tica bebidas y alimentos conocidos en M\u00e9xico.<\/p>\n<p>Ser\u00e1 uno de los eventos que tienes que disfrutar, as\u00ed que si deseas asistir.<\/p>\n<p>Con eso, inf\u00f3rmate de todo lo necesario para pasarla bien y no perderte de ning\u00fan momento en este festival.<\/p>\n<p>\u00bfQu\u00e9 hacer en el Festival del Pulque, Gastronom\u00eda T\u00edpica y el Mezcal en CDMX?<\/p>\n<p>Asiste al Festival del Pulque, Gastronom\u00eda T\u00edpica y el Mezcal en CDMX<\/p>\n<h4>Festival del Pulque, Gastronom\u00eda T\u00edpica y el Mezcal<\/h4>\n<p>En CDMX el Festival del Pulque, Gastronom\u00eda T\u00edpica y el Mezcal vendr\u00e1 con mucha diversi\u00f3n por sus actividades relacionadas al festival.<\/p>\n<p>Las cuales est\u00e1n\u00a0centradas a casi todo el p\u00fablico que sin duda ser\u00e1n muy bien disfrutadas por la variedad.<\/p>\n<p>Podr\u00e1s encontrar mucho de que comer, como tambi\u00e9n de beber.<\/p>\n<p>Adem\u00e1s de estar\u00a0siendo los drinks principales el pulque natural donde aquellos expertos en preparaci\u00f3n asistir\u00e1n ofreciendo el estilo de dicha bebida que se hace.<\/p>\n<p>Igualmente el mezcal, que seguramente disfrutar\u00e1s probando sus variaciones con ciertos platillos de comida local y t\u00edpica si es que tienes hambre en alg\u00fan momento.<\/p>\n<p>Y si te atrae el comprar artesan\u00eda, tambi\u00e9n estar\u00e1n a la venta muchos productos como ropa, calzado textil, hermosa.<\/p>\n<p>Adem\u00e1s de ser\u00a0colorida joyer\u00eda hecha por reconocidos artesanos. As\u00ed podr\u00edas apoyarlos adquiriendo alguno de sus productos.<\/p>\n<h4>\u00bfD\u00f3nde se realizar\u00e1 el Festival del Pulque, Gastronom\u00eda T\u00edpica y el Mezcal en CDMX?<\/h4>\n<p>Asiste al Festival del Pulque, Gastronom\u00eda T\u00edpica y el Mezcal en CDMX<\/p>\n<p>El asiste al Festival del Pulque, Gastronom\u00eda T\u00edpica y el Mezcal en CDMX tendr\u00e1 lugar en el Dom\u00e9stico, en la colonia Condesa.<\/p>\n<p>Esto\u00a0justo en la alcald\u00eda Cuauht\u00e9moc. Las fechas del evento son del 1 y 2 de julio.<\/p>\n<p>Los costos para ingresar tendr\u00e1n un precio de 40 pesos en preventa, mientras que el d\u00eda subir\u00e1n a 50.<\/p>\n<p>Su horario es el mismo, comenzando a las 12:00 pm y finalizando a las 8:00 de la noche.<\/p>\n<p>Siendo varias horas de oportunidad para aprovechar todo lo que habr\u00e1.<\/p>\n","protected":false},"excerpt":{"rendered":"<p>El Festival del Pulque, Gastronom\u00eda T\u00edpica y el Mezcal en CDMX ser\u00e1 uno de los eventos donde disfrutar de ricas bebidas y platillos En CDMX asiste al Festival del Pulque, Gastronom\u00eda T\u00edpica y el Mezcal. El cua\u00a0lse har\u00e1 presente dentro de unas semanas teniendo de tem\u00e1tica bebidas y alimentos conocidos en M\u00e9xico. Ser\u00e1 uno de [&hellip;]<\/p>\n","protected":false},"author":1,"featured_media":13813,"comment_status":"open","ping_status":"closed","sticky":false,"template":"","format":"standard","meta":{"footnotes":""},"categories":[4],"tags":[],"class_list":["post-13811","post","type-post","status-publish","format-standard","has-post-thumbnail","hentry","category-espectaculos"],"_links":{"self":[{"href":"https:\/\/podernacional.com\/index.php?rest_route=\/wp\/v2\/posts\/13811","targetHints":{"allow":["GET"]}}],"collection":[{"href":"https:\/\/podernacional.com\/index.php?rest_route=\/wp\/v2\/posts"}],"about":[{"href":"https:\/\/podernacional.com\/index.php?rest_route=\/wp\/v2\/types\/post"}],"author":[{"embeddable":true,"href":"https:\/\/podernacional.com\/index.php?rest_route=\/wp\/v2\/users\/1"}],"replies":[{"embeddable":true,"href":"https:\/\/podernacional.com\/index.php?rest_route=%2Fwp%2Fv2%2Fcomments&post=13811"}],"version-history":[{"count":1,"href":"https:\/\/podernacional.com\/index.php?rest_route=\/wp\/v2\/posts\/13811\/revisions"}],"predecessor-version":[{"id":13812,"href":"https:\/\/podernacional.com\/index.php?rest_route=\/wp\/v2\/posts\/13811\/revisions\/13812"}],"wp:featuredmedia":[{"embeddable":true,"href":"https:\/\/podernacional.com\/index.php?rest_route=\/wp\/v2\/media\/13813"}],"wp:attachment":[{"href":"https:\/\/podernacional.com\/index.php?rest_route=%2Fwp%2Fv2%2Fmedia&parent=13811"}],"wp:term":[{"taxonomy":"category","embeddable":true,"href":"https:\/\/podernacional.com\/index.php?rest_route=%2Fwp%2Fv2%2Fcategories&post=13811"},{"taxonomy":"post_tag","embeddable":true,"href":"https:\/\/podernacional.com\/index.php?rest_route=%2Fwp%2Fv2%2Ftags&post=13811"}],"curies":[{"name":"wp","href":"https:\/\/api.w.org\/{rel}","templated":true}]}}