{"id":13814,"date":"2023-03-16T18:00:15","date_gmt":"2023-03-16T23:00:15","guid":{"rendered":"https:\/\/podernacional.com\/?p=13814"},"modified":"2023-03-16T23:00:16","modified_gmt":"2023-03-16T23:00:16","slug":"oustorcing-se-redujo-en-quintana-roo-secretaria-del-trabajo","status":"publish","type":"post","link":"https:\/\/podernacional.com\/?p=13814","title":{"rendered":"Oustorcing se redujo en Quintana Roo: Secretar\u00eda del Trabajo"},"content":{"rendered":"<h4>La titular de la Secretar\u00eda del Trabajo visit\u00f3 Canc\u00fan para asistir al Consejo Nacional Ordinario en Canc\u00fan de la Confederaci\u00f3n Revolucionaria de Obreros y Campesinos.<\/h4>\n<p>Alrededor de 80,00 trabajadores en Quintana Roo han sido migrados al esquema de contrataci\u00f3n directa con sus patrones.<\/p>\n<p>Luego de que Quintana Roo lleg\u00f3 a ser el estado con m\u00e1s empleados contratados bajo el esquema de outsourcing.<\/p>\n<p>As\u00ed como de\u00a0la secretaria federal del Trabajo, Luisa Mar\u00eda Alcalde, asegur\u00f3 que esta pr\u00e1ctica ha quedado erradicada de Quintana Roo.<\/p>\n<p>La funcionaria asegur\u00f3 que alrededor de 80,00 trabajadores en el estado han sido migrados al esquema de contrataci\u00f3n directa con sus patrones.<\/p>\n<p>Por lo que gozan ya de todas sus prestaciones y a\u00f1os de antig\u00fcedad con la empresa para la cual en realidad trabajan.<\/p>\n<p>La titular de la Secretar\u00eda del Trabajo visit\u00f3 Canc\u00fan para asistir al Consejo Nacional Ordinario Canc\u00fan de la Confederaci\u00f3n Revolucionaria de Obreros y Campesinos (CROC).<\/p>\n<p>La funcionaria asegur\u00f3 que tanto la dependencia a su cargo como la gobernador Mara Lezama.<\/p>\n<p>El cual est\u00e1n pendientes de vigilar que los patrones cumplan con sus obligaciones para con sus trabajadores.<\/p>\n<h4>Acompa\u00f1amos a la @CROCContigo en su Consejo Nacional en #Canc\u00fan.<\/h4>\n<p>Antes, lo com\u00fan en #QR era estar subcontratado, sin utilidades y con bajos salarios.<\/p>\n<p>Hoy 90 mil trabajadores son reconocidos por sus empleadores, se pagan utilidades y el salario promedio pas\u00f3 de $8 mil a $13,639 pic.twitter.com\/Oj8lNVOdpC<\/p>\n<p>\u2014 Luisa Alcalde (@LuisaAlcalde) March 15, 2023<\/p>\n<p>En 2020, previo a la reforma laboral que hizo ilegal la terciarizaci\u00f3n laboral.<\/p>\n<p>Por ende en\u00a0Quintana Roo figuraba a nivel nacional como la entidad con mayor porcentaje de trabajadores contratados,.<\/p>\n<p>Esto bajo el esquema outosurcing o subcontrataci\u00f3n, con 33% del total de su personal ocupado, seguido de Baja California Sur con 23%.<\/p>\n<p>Adem\u00e1s de la\u00a0la Ciudad de M\u00e9xico 19%, seg\u00fan el diagn\u00f3stico La Subcontrataci\u00f3n y sus Implicaciones en M\u00e9xico.<\/p>\n<p>El cual est\u00e1\u00a0elaborado por el Instituto Mexicano para la Competitividad (IMCO).<\/p>\n<p>El outsourcing permit\u00eda a empresas la contrataci\u00f3n de empleados a trav\u00e9s de otra raz\u00f3n social.<\/p>\n<p>Con lo cual les permit\u00eda evadirse de sus obligaciones patronales como pago se seguro social, prestaciones o el reconocimiento de la antig\u00fcedad de sus empleados.<\/p>\n","protected":false},"excerpt":{"rendered":"<p>La titular de la Secretar\u00eda del Trabajo visit\u00f3 Canc\u00fan para asistir al Consejo Nacional Ordinario en Canc\u00fan de la Confederaci\u00f3n Revolucionaria de Obreros y Campesinos. Alrededor de 80,00 trabajadores en Quintana Roo han sido migrados al esquema de contrataci\u00f3n directa con sus patrones. Luego de que Quintana Roo lleg\u00f3 a ser el estado con m\u00e1s [&hellip;]<\/p>\n","protected":false},"author":1,"featured_media":13816,"comment_status":"open","ping_status":"closed","sticky":false,"template":"","format":"standard","meta":{"footnotes":""},"categories":[10],"tags":[],"class_list":["post-13814","post","type-post","status-publish","format-standard","has-post-thumbnail","hentry","category-quintana-roo"],"_links":{"self":[{"href":"https:\/\/podernacional.com\/index.php?rest_route=\/wp\/v2\/posts\/13814","targetHints":{"allow":["GET"]}}],"collection":[{"href":"https:\/\/podernacional.com\/index.php?rest_route=\/wp\/v2\/posts"}],"about":[{"href":"https:\/\/podernacional.com\/index.php?rest_route=\/wp\/v2\/types\/post"}],"author":[{"embeddable":true,"href":"https:\/\/podernacional.com\/index.php?rest_route=\/wp\/v2\/users\/1"}],"replies":[{"embeddable":true,"href":"https:\/\/podernacional.com\/index.php?rest_route=%2Fwp%2Fv2%2Fcomments&post=13814"}],"version-history":[{"count":1,"href":"https:\/\/podernacional.com\/index.php?rest_route=\/wp\/v2\/posts\/13814\/revisions"}],"predecessor-version":[{"id":13815,"href":"https:\/\/podernacional.com\/index.php?rest_route=\/wp\/v2\/posts\/13814\/revisions\/13815"}],"wp:featuredmedia":[{"embeddable":true,"href":"https:\/\/podernacional.com\/index.php?rest_route=\/wp\/v2\/media\/13816"}],"wp:attachment":[{"href":"https:\/\/podernacional.com\/index.php?rest_route=%2Fwp%2Fv2%2Fmedia&parent=13814"}],"wp:term":[{"taxonomy":"category","embeddable":true,"href":"https:\/\/podernacional.com\/index.php?rest_route=%2Fwp%2Fv2%2Fcategories&post=13814"},{"taxonomy":"post_tag","embeddable":true,"href":"https:\/\/podernacional.com\/index.php?rest_route=%2Fwp%2Fv2%2Ftags&post=13814"}],"curies":[{"name":"wp","href":"https:\/\/api.w.org\/{rel}","templated":true}]}}