{"id":13817,"date":"2023-03-16T18:02:55","date_gmt":"2023-03-16T23:02:55","guid":{"rendered":"https:\/\/podernacional.com\/?p=13817"},"modified":"2023-03-16T23:02:56","modified_gmt":"2023-03-16T23:02:56","slug":"gobierno-estatal-y-federal-trabajan-coordinados-por-salarios-dignos-en-quintana-roo","status":"publish","type":"post","link":"https:\/\/podernacional.com\/?p=13817","title":{"rendered":"Gobierno Estatal y Federal trabajan coordinados por salarios dignos en Quintana Roo"},"content":{"rendered":"<h4>Derivado de las buenas gestiones que realiza el Gobierno del Estado en conjunto con el Gobierno Federal.<\/h4>\n<p>El cual\u00a0se van recuperando los empleos dignos as\u00ed como otorgando condiciones laborales adecuadas a la ciudadan\u00eda.<\/p>\n<p>Por lo que cada vez se avanza a pasos agigantados en procesos de recuperaci\u00f3n.<\/p>\n<p>As\u00ed como que\u00a0se\u00f1al\u00f3 la Secretaria del Trabajo y Previsi\u00f3n Social del Gobierno Federal, Luisa Mar\u00eda Alcalde Luj\u00e1n.<\/p>\n<p>Esto\u00a0quien admiro el trabajo de la Gobernadora Mara Lezama por mejorar las condiciones de los trabajadores en Quintana Roo.<\/p>\n<p>Coment\u00f3 que dentro de su jurisdicci\u00f3n est\u00e1 avanzando en el aumento de salarios.<\/p>\n<p>Por lo que de manera primordial es fortalecer la fuerza laboral con salarios dignos, por ello insisti\u00f3 en este trabajo coordinado con el Gobierno Estatal.<\/p>\n<p>Finalizo al decir que se busca justicia para toda la clase trabajadora en el destino pues no es justo que trabajen de m\u00e1s.<\/p>\n<p>As\u00ed como que\u00a0no sean recompensados como se merecen.<\/p>\n<p>Por lo que en conjunto con el gobierno de Quintana Roo trabajaran para que acabe la brecha de desigualdad.<\/p>\n<p>Gobierno Estatal y Federal trabajan coordinados por salarios dignos en Quintana Roo<\/p>\n","protected":false},"excerpt":{"rendered":"<p>Derivado de las buenas gestiones que realiza el Gobierno del Estado en conjunto con el Gobierno Federal. El cual\u00a0se van recuperando los empleos dignos as\u00ed como otorgando condiciones laborales adecuadas a la ciudadan\u00eda. Por lo que cada vez se avanza a pasos agigantados en procesos de recuperaci\u00f3n. As\u00ed como que\u00a0se\u00f1al\u00f3 la Secretaria del Trabajo y [&hellip;]<\/p>\n","protected":false},"author":1,"featured_media":13819,"comment_status":"open","ping_status":"closed","sticky":false,"template":"","format":"standard","meta":{"footnotes":""},"categories":[10],"tags":[],"class_list":["post-13817","post","type-post","status-publish","format-standard","has-post-thumbnail","hentry","category-quintana-roo"],"_links":{"self":[{"href":"https:\/\/podernacional.com\/index.php?rest_route=\/wp\/v2\/posts\/13817","targetHints":{"allow":["GET"]}}],"collection":[{"href":"https:\/\/podernacional.com\/index.php?rest_route=\/wp\/v2\/posts"}],"about":[{"href":"https:\/\/podernacional.com\/index.php?rest_route=\/wp\/v2\/types\/post"}],"author":[{"embeddable":true,"href":"https:\/\/podernacional.com\/index.php?rest_route=\/wp\/v2\/users\/1"}],"replies":[{"embeddable":true,"href":"https:\/\/podernacional.com\/index.php?rest_route=%2Fwp%2Fv2%2Fcomments&post=13817"}],"version-history":[{"count":1,"href":"https:\/\/podernacional.com\/index.php?rest_route=\/wp\/v2\/posts\/13817\/revisions"}],"predecessor-version":[{"id":13818,"href":"https:\/\/podernacional.com\/index.php?rest_route=\/wp\/v2\/posts\/13817\/revisions\/13818"}],"wp:featuredmedia":[{"embeddable":true,"href":"https:\/\/podernacional.com\/index.php?rest_route=\/wp\/v2\/media\/13819"}],"wp:attachment":[{"href":"https:\/\/podernacional.com\/index.php?rest_route=%2Fwp%2Fv2%2Fmedia&parent=13817"}],"wp:term":[{"taxonomy":"category","embeddable":true,"href":"https:\/\/podernacional.com\/index.php?rest_route=%2Fwp%2Fv2%2Fcategories&post=13817"},{"taxonomy":"post_tag","embeddable":true,"href":"https:\/\/podernacional.com\/index.php?rest_route=%2Fwp%2Fv2%2Ftags&post=13817"}],"curies":[{"name":"wp","href":"https:\/\/api.w.org\/{rel}","templated":true}]}}