{"id":13820,"date":"2023-03-16T18:06:42","date_gmt":"2023-03-16T23:06:42","guid":{"rendered":"https:\/\/podernacional.com\/?p=13820"},"modified":"2023-03-16T23:06:43","modified_gmt":"2023-03-16T23:06:43","slug":"roberto-borge-ex-gobernador-de-quintana-roo-fue-vinculado-a-proceso-por-delincuencia-organizada","status":"publish","type":"post","link":"https:\/\/podernacional.com\/?p=13820","title":{"rendered":"Roberto Borge, ex gobernador de Quintana Roo fue vinculado a proceso por delincuencia organizada"},"content":{"rendered":"<h4>Se trata del segundo proceso penal de orden federal, el primero fue por actividades con recursos de procedencia il\u00edcita<\/h4>\n<p>Roberto Borge, ex gobernador de Quintana Roo se quedar\u00e1 recluido<\/p>\n<p>Un juez federal determin\u00f3 vincular a proceso a Roberto Borge, ex gobernador de Quintana Roo.<\/p>\n<p>Esto como\u00a0por el delito de delincuencia organizada seg\u00fan la carpeta de investigaci\u00f3n 541\/2019.<\/p>\n<p>As\u00ed como\u00a0por lo que dicho individuo se quedar\u00e1 en el Centro Federal de Rehabilitaci\u00f3n Psicosocial (Ceferepsi) de Morelos.<\/p>\n<p>La audiencia para el ex gobernador de Quintana Roo, durante el periodo 2011 a 2016, ser\u00e1 en el penal del Altiplano.<\/p>\n<h4>Borge fue detenido en junio de 2017 en el aeropuerto internacional de Panam\u00e1. cuando el ex funcionario se dirig\u00eda a Francia.<\/h4>\n<p>Los hechos sobre su vinculaci\u00f3n a proceso fueron informados durante el jueves 16 de marzo.<\/p>\n<p>Adem\u00e1s de\u00a0la decisi\u00f3n sucedi\u00f3 durante la madrugada del mismo d\u00eda, seg\u00fan comparti\u00f3 la defensa del ex funcionario.<\/p>\n<p>Panam\u00e1 extradit\u00f3 a Borge a M\u00e9xico en enero de 2018.<\/p>\n<p>Mientras que para diciembre de 2020 el ex mandatario ya acumulaba cuatro vinculaciones a proceso.<\/p>\n<p>As\u00ed como de\u00a0la primera de ellas fue por los delitos de desempe\u00f1o irregular de la funci\u00f3n p\u00fablica con la entrega indebida de concesiones.<\/p>\n<p>Esto de transporte en la regi\u00f3n de las Islas Mar\u00edas.<\/p>\n","protected":false},"excerpt":{"rendered":"<p>Se trata del segundo proceso penal de orden federal, el primero fue por actividades con recursos de procedencia il\u00edcita Roberto Borge, ex gobernador de Quintana Roo se quedar\u00e1 recluido Un juez federal determin\u00f3 vincular a proceso a Roberto Borge, ex gobernador de Quintana Roo. Esto como\u00a0por el delito de delincuencia organizada seg\u00fan la carpeta de [&hellip;]<\/p>\n","protected":false},"author":1,"featured_media":13822,"comment_status":"open","ping_status":"closed","sticky":false,"template":"","format":"standard","meta":{"footnotes":""},"categories":[10],"tags":[],"class_list":["post-13820","post","type-post","status-publish","format-standard","has-post-thumbnail","hentry","category-quintana-roo"],"_links":{"self":[{"href":"https:\/\/podernacional.com\/index.php?rest_route=\/wp\/v2\/posts\/13820","targetHints":{"allow":["GET"]}}],"collection":[{"href":"https:\/\/podernacional.com\/index.php?rest_route=\/wp\/v2\/posts"}],"about":[{"href":"https:\/\/podernacional.com\/index.php?rest_route=\/wp\/v2\/types\/post"}],"author":[{"embeddable":true,"href":"https:\/\/podernacional.com\/index.php?rest_route=\/wp\/v2\/users\/1"}],"replies":[{"embeddable":true,"href":"https:\/\/podernacional.com\/index.php?rest_route=%2Fwp%2Fv2%2Fcomments&post=13820"}],"version-history":[{"count":1,"href":"https:\/\/podernacional.com\/index.php?rest_route=\/wp\/v2\/posts\/13820\/revisions"}],"predecessor-version":[{"id":13821,"href":"https:\/\/podernacional.com\/index.php?rest_route=\/wp\/v2\/posts\/13820\/revisions\/13821"}],"wp:featuredmedia":[{"embeddable":true,"href":"https:\/\/podernacional.com\/index.php?rest_route=\/wp\/v2\/media\/13822"}],"wp:attachment":[{"href":"https:\/\/podernacional.com\/index.php?rest_route=%2Fwp%2Fv2%2Fmedia&parent=13820"}],"wp:term":[{"taxonomy":"category","embeddable":true,"href":"https:\/\/podernacional.com\/index.php?rest_route=%2Fwp%2Fv2%2Fcategories&post=13820"},{"taxonomy":"post_tag","embeddable":true,"href":"https:\/\/podernacional.com\/index.php?rest_route=%2Fwp%2Fv2%2Ftags&post=13820"}],"curies":[{"name":"wp","href":"https:\/\/api.w.org\/{rel}","templated":true}]}}