{"id":13829,"date":"2023-03-17T20:16:56","date_gmt":"2023-03-18T01:16:56","guid":{"rendered":"https:\/\/podernacional.com\/?p=13829"},"modified":"2023-03-18T01:16:57","modified_gmt":"2023-03-18T01:16:57","slug":"quintana-roo-destaca-rechazo-minimo-de-visitantes-colombianos-cptq","status":"publish","type":"post","link":"https:\/\/podernacional.com\/?p=13829","title":{"rendered":"Quintana Roo destaca rechazo m\u00ednimo de visitantes colombianos: CPTQ"},"content":{"rendered":"<h4>Javier Aranda afirma que se trabaja con las autoridades de ese pa\u00eds en los temas relacionados a los tr\u00e1mites.<\/h4>\n<p>CPTQ destaca rechazo m\u00ednimo de colombianos por temas migratorios.<\/p>\n<p>De m\u00e1s de 450 mil colombianos que ingresan a Quintana Roo, s\u00f3lo 2% de estos son rechazados por no cumplir con los tr\u00e1mites migratorios.<\/p>\n<p>Dicha situaci\u00f3n que consideran que son los menos, y que se mantiene el contacto para no afectar a los visitantes.<\/p>\n<p>Javier Aranda Pedrero, director del Consejo de Promoci\u00f3n Tur\u00edstica de Quintana Roo (CPTQ).<\/p>\n<p>El cual\u00a0se\u00f1al\u00f3 que est\u00e1n trabajando de la mano con las autoridades en Colombia para as\u00ed impulsar los menos rechazados.<\/p>\n<p>Adem\u00e1s de\u00a0no afectar la llegada de este mercado.<\/p>\n<p>\u201cEstuvimos en la feria de Anato, donde nos acompa\u00f1aron los destinos, lo que adem\u00e1s nos permiti\u00f3 dar un mensaje de tranquilidad\u201d.<\/p>\n<p>\u201cEsto en el sentido de que aquellos que cumplan con los requisitos de M\u00e9xico, ser\u00e1n siempre bienvenidos y disfrutar\u00e1n las vacaciones\u201d, agreg\u00f3.<\/p>\n<p>M\u00e9xico recibi\u00f3 el a\u00f1o pasado 750 mil turistas colombianos, de los cuales, 60% estuvieron en Quintana Roo.<\/p>\n<h4>Con esto\u00a0siendo el destino favorito, y aunque se tiene un m\u00ednimo de rechazados.<\/h4>\n<p>El cual\u00a0afecta sobre todo por la informaci\u00f3n que se da a conocer por parte de las redes sociales.<\/p>\n<p>Reconoci\u00f3 que est\u00e1n rebasados para mantener en el aeropuerto a los turistas que no pueden ingresar al pa\u00eds por no cumplir con los requisito.<\/p>\n<p>Adem\u00e1s que\u00a0pero es un tema que corresponde al gobierno federal y desde el CPTQ y la Secretar\u00eda de Turismo.<\/p>\n<p>El cual\u00a0se est\u00e1 dando a las agencias de viajes la informaci\u00f3n correcta sobre los requerimientos para ingresar.<\/p>\n<p>Adem\u00e1s de que esto no genere un mayor n\u00famero de colombianos inaceptados.<\/p>\n<p>Desde el a\u00f1o pasado increment\u00f3 el n\u00famero de rechazados, lo que llev\u00f3 a las autoridades de Colombia a levantar la voz.<\/p>\n<p>Ya que adem\u00e1s el procedimiento consideran no ha sido el correcto, situaci\u00f3n que est\u00e1 afectando en la llegada del mercado.<\/p>\n<p>El director del CPTQ explic\u00f3 que no esperan una baja del mercado para este a\u00f1o.<\/p>\n<p>Sino al contrario un crecimiento en este 2023 a doble d\u00edgito, luego que el a\u00f1o pasado increment\u00f3 cerca de 30%.<\/p>\n<p>&nbsp;<\/p>\n<p>&nbsp;<\/p>\n","protected":false},"excerpt":{"rendered":"<p>Javier Aranda afirma que se trabaja con las autoridades de ese pa\u00eds en los temas relacionados a los tr\u00e1mites. CPTQ destaca rechazo m\u00ednimo de colombianos por temas migratorios. De m\u00e1s de 450 mil colombianos que ingresan a Quintana Roo, s\u00f3lo 2% de estos son rechazados por no cumplir con los tr\u00e1mites migratorios. Dicha situaci\u00f3n que [&hellip;]<\/p>\n","protected":false},"author":1,"featured_media":13831,"comment_status":"open","ping_status":"closed","sticky":false,"template":"","format":"standard","meta":{"footnotes":""},"categories":[10],"tags":[],"class_list":["post-13829","post","type-post","status-publish","format-standard","has-post-thumbnail","hentry","category-quintana-roo"],"_links":{"self":[{"href":"https:\/\/podernacional.com\/index.php?rest_route=\/wp\/v2\/posts\/13829","targetHints":{"allow":["GET"]}}],"collection":[{"href":"https:\/\/podernacional.com\/index.php?rest_route=\/wp\/v2\/posts"}],"about":[{"href":"https:\/\/podernacional.com\/index.php?rest_route=\/wp\/v2\/types\/post"}],"author":[{"embeddable":true,"href":"https:\/\/podernacional.com\/index.php?rest_route=\/wp\/v2\/users\/1"}],"replies":[{"embeddable":true,"href":"https:\/\/podernacional.com\/index.php?rest_route=%2Fwp%2Fv2%2Fcomments&post=13829"}],"version-history":[{"count":1,"href":"https:\/\/podernacional.com\/index.php?rest_route=\/wp\/v2\/posts\/13829\/revisions"}],"predecessor-version":[{"id":13830,"href":"https:\/\/podernacional.com\/index.php?rest_route=\/wp\/v2\/posts\/13829\/revisions\/13830"}],"wp:featuredmedia":[{"embeddable":true,"href":"https:\/\/podernacional.com\/index.php?rest_route=\/wp\/v2\/media\/13831"}],"wp:attachment":[{"href":"https:\/\/podernacional.com\/index.php?rest_route=%2Fwp%2Fv2%2Fmedia&parent=13829"}],"wp:term":[{"taxonomy":"category","embeddable":true,"href":"https:\/\/podernacional.com\/index.php?rest_route=%2Fwp%2Fv2%2Fcategories&post=13829"},{"taxonomy":"post_tag","embeddable":true,"href":"https:\/\/podernacional.com\/index.php?rest_route=%2Fwp%2Fv2%2Ftags&post=13829"}],"curies":[{"name":"wp","href":"https:\/\/api.w.org\/{rel}","templated":true}]}}