{"id":13838,"date":"2023-03-17T20:25:24","date_gmt":"2023-03-18T01:25:24","guid":{"rendered":"https:\/\/podernacional.com\/?p=13838"},"modified":"2023-03-18T01:25:25","modified_gmt":"2023-03-18T01:25:25","slug":"volqueteros-de-quintana-roo-denuncian-pirateria-en-obras-del-tren-maya","status":"publish","type":"post","link":"https:\/\/podernacional.com\/?p=13838","title":{"rendered":"Volqueteros de Quintana Roo denuncian pirater\u00eda en obras del Tren Maya"},"content":{"rendered":"<h4>Con esto, el l\u00edder del sindicato de volqueteros Caja Roja, Antonio Gonz\u00e1lez, denunci\u00f3 que se ha detectado a un grupo de unidades.<\/h4>\n<p>El cual ha\u00a0intentando operar de manera ilegal en las obras del Tren Maya, que se realizan en el antiguo terreno de la expofer de Chetumal.<\/p>\n<p>Las unidades tienen placas del Estado de M\u00e9xico y algunas no tienen, adem\u00e1s de que no pertenecen a ning\u00fan sindicato.<\/p>\n<p>Aunque tienen los colores del sindicato Caja Roja, adem\u00e1s de que estar malbaratando en hasta un 50 por ciento.<\/p>\n<p>Ya que se menciona de que\u00a0las tarifas que ya se hab\u00edan establecido con la Sedena, se\u00f1al\u00f3 el entrevistado.<\/p>\n<p>Volqueteros de Quintana Roo denuncian pirater\u00eda en obras del Tren Maya 16 de marzo de 2023.<\/p>\n<p>&nbsp;<\/p>\n","protected":false},"excerpt":{"rendered":"<p>Con esto, el l\u00edder del sindicato de volqueteros Caja Roja, Antonio Gonz\u00e1lez, denunci\u00f3 que se ha detectado a un grupo de unidades. El cual ha\u00a0intentando operar de manera ilegal en las obras del Tren Maya, que se realizan en el antiguo terreno de la expofer de Chetumal. Las unidades tienen placas del Estado de M\u00e9xico [&hellip;]<\/p>\n","protected":false},"author":1,"featured_media":13840,"comment_status":"open","ping_status":"closed","sticky":false,"template":"","format":"standard","meta":{"footnotes":""},"categories":[10],"tags":[],"class_list":["post-13838","post","type-post","status-publish","format-standard","has-post-thumbnail","hentry","category-quintana-roo"],"_links":{"self":[{"href":"https:\/\/podernacional.com\/index.php?rest_route=\/wp\/v2\/posts\/13838","targetHints":{"allow":["GET"]}}],"collection":[{"href":"https:\/\/podernacional.com\/index.php?rest_route=\/wp\/v2\/posts"}],"about":[{"href":"https:\/\/podernacional.com\/index.php?rest_route=\/wp\/v2\/types\/post"}],"author":[{"embeddable":true,"href":"https:\/\/podernacional.com\/index.php?rest_route=\/wp\/v2\/users\/1"}],"replies":[{"embeddable":true,"href":"https:\/\/podernacional.com\/index.php?rest_route=%2Fwp%2Fv2%2Fcomments&post=13838"}],"version-history":[{"count":1,"href":"https:\/\/podernacional.com\/index.php?rest_route=\/wp\/v2\/posts\/13838\/revisions"}],"predecessor-version":[{"id":13839,"href":"https:\/\/podernacional.com\/index.php?rest_route=\/wp\/v2\/posts\/13838\/revisions\/13839"}],"wp:featuredmedia":[{"embeddable":true,"href":"https:\/\/podernacional.com\/index.php?rest_route=\/wp\/v2\/media\/13840"}],"wp:attachment":[{"href":"https:\/\/podernacional.com\/index.php?rest_route=%2Fwp%2Fv2%2Fmedia&parent=13838"}],"wp:term":[{"taxonomy":"category","embeddable":true,"href":"https:\/\/podernacional.com\/index.php?rest_route=%2Fwp%2Fv2%2Fcategories&post=13838"},{"taxonomy":"post_tag","embeddable":true,"href":"https:\/\/podernacional.com\/index.php?rest_route=%2Fwp%2Fv2%2Ftags&post=13838"}],"curies":[{"name":"wp","href":"https:\/\/api.w.org\/{rel}","templated":true}]}}