{"id":13862,"date":"2023-03-18T12:39:14","date_gmt":"2023-03-18T17:39:14","guid":{"rendered":"https:\/\/podernacional.com\/?p=13862"},"modified":"2023-03-18T17:39:15","modified_gmt":"2023-03-18T17:39:15","slug":"el-inah-y-la-sedena-estrechan-coordinacion-en-obras-del-promeza-en-quintana-roo","status":"publish","type":"post","link":"https:\/\/podernacional.com\/?p=13862","title":{"rendered":"El INAH y la Sedena estrechan coordinaci\u00f3n en obras del Promeza en Quintana Roo"},"content":{"rendered":"<h4>Con esto dan seguimiento al Proyecto de Mejoramiento de Zonas Arqueol\u00f3gicas como parte del #TrenMaya en Quintana Roo<\/h4>\n<p>Se busca cumplir con las metas y fechas de conclusi\u00f3n de las obras<\/p>\n<p>La Secretar\u00eda de Cultura del Gobierno de M\u00e9xico, a trav\u00e9s del Instituto Nacional de Antropolog\u00eda e Historia (INAH).<\/p>\n<p>El cual\u00a0sostuvo esta semana dos reuniones con la Secretar\u00eda de la Defensa Nacional (Sedena) para dar seguimiento a las obras de mejoramiento.<\/p>\n<p>Esto\u00a0en las seis zonas arqueol\u00f3gicas a cargo de la Sedena y Fonatur en los tramos del territorio de Quintana Roo.<\/p>\n<p>Por indicaciones del director general del INAH, Diego Prieto Hern\u00e1ndez, el director del Centro INAH Quintana Roo.<\/p>\n<h4>Por ende,\u00a0Margarito Molina Rend\u00f3n, acudi\u00f3 a reuni\u00f3n de trabajo el 16 de marzo, con el general Gustavo Ricardo Vallejo Su\u00e1re.<\/h4>\n<p>Esto\u00a0en el campamento militar de Chetumal, en que se consolidaron compromisos para el cumplimiento de los calendarios de la obra prioritaria del Tren Maya.<\/p>\n<p>Un d\u00eda antes, Molina Rend\u00f3n sostuvo otra reuni\u00f3n con el mayor Jos\u00e9 de Jes\u00fas Cantoral Herrera, en las instalaciones del Centro INAH Quintana Roo.<\/p>\n<p>As\u00ed como\u00a0con asistencia de las y los responsables de las zonas arqueol\u00f3gicas de El Meco, Oxtankah, Chacchoben, Kohunlich, Dzibanch\u00e9-Kinichn\u00e1 e Ichkabal.<\/p>\n<p>La Sedena realizar\u00e1 obras de rehabilitaci\u00f3n y construcci\u00f3n de infraestructura el\u00e9ctrica, se\u00f1al\u00e9tica, p\u00f3rticos, \u00e1reas de acceso y descanso<\/p>\n<p>Adem\u00e1s de\u00a0sanitarios, taquillas, librer\u00edas, plantas de tratamiento, senderos, techumbre de monumentos y estacionamientos en estos sitios.<\/p>\n<p>Adem\u00e1s, suministrar\u00e1 los insumos para la investigaci\u00f3n y conservaci\u00f3n arqueol\u00f3gica.<\/p>\n<p>En cada uno de los seis sitios operan equipos t\u00e9cnicos del INAH, de la Sedena y del Fondo Nacional de Fomento al Turismo.<\/p>\n<p>Esto\u00a0para dar seguimiento y cumplir con las metas y fechas de conclusi\u00f3n de las obras.<\/p>\n","protected":false},"excerpt":{"rendered":"<p>Con esto dan seguimiento al Proyecto de Mejoramiento de Zonas Arqueol\u00f3gicas como parte del #TrenMaya en Quintana Roo Se busca cumplir con las metas y fechas de conclusi\u00f3n de las obras La Secretar\u00eda de Cultura del Gobierno de M\u00e9xico, a trav\u00e9s del Instituto Nacional de Antropolog\u00eda e Historia (INAH). El cual\u00a0sostuvo esta semana dos reuniones [&hellip;]<\/p>\n","protected":false},"author":1,"featured_media":13864,"comment_status":"open","ping_status":"closed","sticky":false,"template":"","format":"standard","meta":{"footnotes":""},"categories":[10],"tags":[],"class_list":["post-13862","post","type-post","status-publish","format-standard","has-post-thumbnail","hentry","category-quintana-roo"],"_links":{"self":[{"href":"https:\/\/podernacional.com\/index.php?rest_route=\/wp\/v2\/posts\/13862","targetHints":{"allow":["GET"]}}],"collection":[{"href":"https:\/\/podernacional.com\/index.php?rest_route=\/wp\/v2\/posts"}],"about":[{"href":"https:\/\/podernacional.com\/index.php?rest_route=\/wp\/v2\/types\/post"}],"author":[{"embeddable":true,"href":"https:\/\/podernacional.com\/index.php?rest_route=\/wp\/v2\/users\/1"}],"replies":[{"embeddable":true,"href":"https:\/\/podernacional.com\/index.php?rest_route=%2Fwp%2Fv2%2Fcomments&post=13862"}],"version-history":[{"count":1,"href":"https:\/\/podernacional.com\/index.php?rest_route=\/wp\/v2\/posts\/13862\/revisions"}],"predecessor-version":[{"id":13863,"href":"https:\/\/podernacional.com\/index.php?rest_route=\/wp\/v2\/posts\/13862\/revisions\/13863"}],"wp:featuredmedia":[{"embeddable":true,"href":"https:\/\/podernacional.com\/index.php?rest_route=\/wp\/v2\/media\/13864"}],"wp:attachment":[{"href":"https:\/\/podernacional.com\/index.php?rest_route=%2Fwp%2Fv2%2Fmedia&parent=13862"}],"wp:term":[{"taxonomy":"category","embeddable":true,"href":"https:\/\/podernacional.com\/index.php?rest_route=%2Fwp%2Fv2%2Fcategories&post=13862"},{"taxonomy":"post_tag","embeddable":true,"href":"https:\/\/podernacional.com\/index.php?rest_route=%2Fwp%2Fv2%2Ftags&post=13862"}],"curies":[{"name":"wp","href":"https:\/\/api.w.org\/{rel}","templated":true}]}}