{"id":13868,"date":"2023-03-18T12:56:48","date_gmt":"2023-03-18T17:56:48","guid":{"rendered":"https:\/\/podernacional.com\/?p=13868"},"modified":"2023-03-18T17:56:49","modified_gmt":"2023-03-18T17:56:49","slug":"casos-de-dengue-incrementan-en-quintana-roo","status":"publish","type":"post","link":"https:\/\/podernacional.com\/?p=13868","title":{"rendered":"Casos de dengue incrementan en Quintana Roo"},"content":{"rendered":"<h4>El \u00faltimo reporte indica que la mayor\u00eda de los pacientes se encuentran en Canc\u00fan.<\/h4>\n<p>Aumenta 34% casos de dengue en 15 d\u00edas.<\/p>\n<p>Los casos de dengue en Quintana Roo han aumentado 34% en las \u00faltimas dos semanas, al pasar de 481 a 645 casos.<\/p>\n<p>De acuerdo con la Secretar\u00eda de Salud federal, en los \u00faltimos siete d\u00edas se han realizado 125 diagn\u00f3sticos positivos:<\/p>\n<p>74 de ellos de dengue no grave<\/p>\n<p>49 con se\u00f1ales de alarma<\/p>\n<p>Dos considerados graves<\/p>\n<h4>En la semana previa se sumaron 39, al pasar de 481 a 520 diagn\u00f3sticos.<\/h4>\n<p>El \u00faltimo reporte indica que la mayor\u00eda de los pacientes se encuentran en el municipio de Benito Ju\u00e1rez.<\/p>\n<p>As\u00ed como\u00a0que con 555 detecciones concentra el 86% de los casos.<\/p>\n<p>Oth\u00f3n P. Blanco, es la segunda demarcaci\u00f3n m\u00e1s afectada, con 60 pacientes de enero a la fecha; Jos\u00e9 Mar\u00eda Morelos report\u00f3 cinco.<\/p>\n<p>Con esto\u00a0Felipe Carrillo Puerto nueve; y 16 m\u00e1s se encuentran repartidos entre los municipios de Solidaridad, Puerto Morelos, Cozumel, Isla Mujeres y L\u00e1zaro C\u00e1rdenas.<\/p>\n<p>Autoridades aseguran reforzar\u00e1n acciones contra la transmisi\u00f3n del dengue<\/p>\n<p>Cabe recordar que hace 15 d\u00edas\u00a0el gobierno federal y del estado acordaron fortalecer las acciones para mitigar la proliferaci\u00f3n del mosco transmisor del dengue.<\/p>\n<p>Las autoridades informaron que desde el inicio de los operativos se han visitado tres mil 397 viviendas y termo-nebulizado 155 manzanas en Benito Ju\u00e1rez.<\/p>\n<p>As\u00ed como mil 540 hect\u00e1reas.<\/p>\n<p>Tambi\u00e9n se realiz\u00f3 una campa\u00f1a de descacharrizaci\u00f3n mediante la que se han recolectado 97 mil 640 kilogramos de cacharros y mil 79 llantas llantas.<\/p>\n","protected":false},"excerpt":{"rendered":"<p>El \u00faltimo reporte indica que la mayor\u00eda de los pacientes se encuentran en Canc\u00fan. Aumenta 34% casos de dengue en 15 d\u00edas. Los casos de dengue en Quintana Roo han aumentado 34% en las \u00faltimas dos semanas, al pasar de 481 a 645 casos. De acuerdo con la Secretar\u00eda de Salud federal, en los \u00faltimos [&hellip;]<\/p>\n","protected":false},"author":1,"featured_media":13870,"comment_status":"open","ping_status":"closed","sticky":false,"template":"","format":"standard","meta":{"footnotes":""},"categories":[10],"tags":[],"class_list":["post-13868","post","type-post","status-publish","format-standard","has-post-thumbnail","hentry","category-quintana-roo"],"_links":{"self":[{"href":"https:\/\/podernacional.com\/index.php?rest_route=\/wp\/v2\/posts\/13868","targetHints":{"allow":["GET"]}}],"collection":[{"href":"https:\/\/podernacional.com\/index.php?rest_route=\/wp\/v2\/posts"}],"about":[{"href":"https:\/\/podernacional.com\/index.php?rest_route=\/wp\/v2\/types\/post"}],"author":[{"embeddable":true,"href":"https:\/\/podernacional.com\/index.php?rest_route=\/wp\/v2\/users\/1"}],"replies":[{"embeddable":true,"href":"https:\/\/podernacional.com\/index.php?rest_route=%2Fwp%2Fv2%2Fcomments&post=13868"}],"version-history":[{"count":1,"href":"https:\/\/podernacional.com\/index.php?rest_route=\/wp\/v2\/posts\/13868\/revisions"}],"predecessor-version":[{"id":13869,"href":"https:\/\/podernacional.com\/index.php?rest_route=\/wp\/v2\/posts\/13868\/revisions\/13869"}],"wp:featuredmedia":[{"embeddable":true,"href":"https:\/\/podernacional.com\/index.php?rest_route=\/wp\/v2\/media\/13870"}],"wp:attachment":[{"href":"https:\/\/podernacional.com\/index.php?rest_route=%2Fwp%2Fv2%2Fmedia&parent=13868"}],"wp:term":[{"taxonomy":"category","embeddable":true,"href":"https:\/\/podernacional.com\/index.php?rest_route=%2Fwp%2Fv2%2Fcategories&post=13868"},{"taxonomy":"post_tag","embeddable":true,"href":"https:\/\/podernacional.com\/index.php?rest_route=%2Fwp%2Fv2%2Ftags&post=13868"}],"curies":[{"name":"wp","href":"https:\/\/api.w.org\/{rel}","templated":true}]}}