{"id":13871,"date":"2023-03-18T12:59:20","date_gmt":"2023-03-18T17:59:20","guid":{"rendered":"https:\/\/podernacional.com\/?p=13871"},"modified":"2023-03-18T17:59:21","modified_gmt":"2023-03-18T17:59:21","slug":"van-contra-funcionarios-que-hayan-violado-derechos-humanos-en-q-roo","status":"publish","type":"post","link":"https:\/\/podernacional.com\/?p=13871","title":{"rendered":"Van contra funcionarios que hayan violado derechos humanos en Q. Roo"},"content":{"rendered":"<h4>La mayor\u00eda de las autoridades agresores son personal de la FGE y agentes de las diferentes corporaciones polic\u00edacas municipales.<\/h4>\n<p>Funcionarios responsables de dependencias que han incurrido en violaciones a los derechos humanos tendr\u00e1n que comparecer ante el Congreso de Quintana Roo.<\/p>\n<p>Esto\u00a0para explicar porqu\u00e9 no han cumplido con investigaciones y sanciones de casos que datan incluso desde hace 2014.<\/p>\n<p>Guillermo Brahms Gonz\u00e1lez, presidente de la Comisi\u00f3n de Derechos Humanos del Congreso.<\/p>\n<p>El cual explic\u00f3 que todas son consecuencias de recomendaciones que no fueron atendidas de manera correcta por las instancias correspondientes, principalmente por:<\/p>\n<p>Faltar la reparaci\u00f3n del da\u00f1o<\/p>\n<p>No establecer sanciones en contra de los funcionarios agresores<\/p>\n<p>Omitir las disculpas p\u00fablicas en favor de la v\u00edctima<\/p>\n<h4>\u201cYa iniciamos con las primeras tres comparecencias, para que los funcionarios vengan a este Congreso\u201d.<\/h4>\n<p>\u201cAs\u00ed como que expliquen las razones por las que no siguieron de manera correcta estas recomendaciones\u201d, declar\u00f3 el legislador.<\/p>\n<p>Puntualiz\u00f3 que el objetivo es realizar al menos tres ejercicios de este tipo a la semana.<\/p>\n<p>Adem\u00e1s de que\u00a0a fin de poder concluirlas todas antes de que concluya el periodo de la actual Legislatura.<\/p>\n<p>El cual est\u00e1\u00a0puntualizando que no entiende por qu\u00e9 los anteriores diputados fueron omisos en desahogar cada uno de estos casos, permitiendo este rezago.<\/p>\n<p>Detall\u00f3 que la mayor\u00eda de las autoridades agresores son personal de la Fiscal\u00eda General del Estado (FGE).<\/p>\n<p>Adem\u00e1s de\u00a0agentes de las diferentes corporaciones polic\u00edacas municipales y de la Secretar\u00eda de Seguridad P\u00fablica (SSP).<\/p>\n<p>No atienden recomendaciones de Derechos Humanos<\/p>\n<p>De 2014 a la fecha, suman alrededor de 120 expedientes turnados ante la Legislatura.<\/p>\n<p>Adem\u00e1s de\u00a0porque aunque la Comisi\u00f3n de los Derechos Humanos de Quintana Roo determin\u00f3 la responsabilidad de funcionarios en violaciones a derechos.<\/p>\n<p>As\u00ed como de\u00a0los responsables no han atendido ya sea total o de manera parcial las recomendaciones.<\/p>\n<p>\u201cEn estas reuniones estamos tratando de llegar a un acuerdo entre ambas partes, que por supuesto beneficie a la v\u00edctima siempre\u201d, puntualiz\u00f3.<\/p>\n","protected":false},"excerpt":{"rendered":"<p>La mayor\u00eda de las autoridades agresores son personal de la FGE y agentes de las diferentes corporaciones polic\u00edacas municipales. Funcionarios responsables de dependencias que han incurrido en violaciones a los derechos humanos tendr\u00e1n que comparecer ante el Congreso de Quintana Roo. Esto\u00a0para explicar porqu\u00e9 no han cumplido con investigaciones y sanciones de casos que datan [&hellip;]<\/p>\n","protected":false},"author":1,"featured_media":13873,"comment_status":"open","ping_status":"closed","sticky":false,"template":"","format":"standard","meta":{"footnotes":""},"categories":[10],"tags":[],"class_list":["post-13871","post","type-post","status-publish","format-standard","has-post-thumbnail","hentry","category-quintana-roo"],"_links":{"self":[{"href":"https:\/\/podernacional.com\/index.php?rest_route=\/wp\/v2\/posts\/13871","targetHints":{"allow":["GET"]}}],"collection":[{"href":"https:\/\/podernacional.com\/index.php?rest_route=\/wp\/v2\/posts"}],"about":[{"href":"https:\/\/podernacional.com\/index.php?rest_route=\/wp\/v2\/types\/post"}],"author":[{"embeddable":true,"href":"https:\/\/podernacional.com\/index.php?rest_route=\/wp\/v2\/users\/1"}],"replies":[{"embeddable":true,"href":"https:\/\/podernacional.com\/index.php?rest_route=%2Fwp%2Fv2%2Fcomments&post=13871"}],"version-history":[{"count":1,"href":"https:\/\/podernacional.com\/index.php?rest_route=\/wp\/v2\/posts\/13871\/revisions"}],"predecessor-version":[{"id":13872,"href":"https:\/\/podernacional.com\/index.php?rest_route=\/wp\/v2\/posts\/13871\/revisions\/13872"}],"wp:featuredmedia":[{"embeddable":true,"href":"https:\/\/podernacional.com\/index.php?rest_route=\/wp\/v2\/media\/13873"}],"wp:attachment":[{"href":"https:\/\/podernacional.com\/index.php?rest_route=%2Fwp%2Fv2%2Fmedia&parent=13871"}],"wp:term":[{"taxonomy":"category","embeddable":true,"href":"https:\/\/podernacional.com\/index.php?rest_route=%2Fwp%2Fv2%2Fcategories&post=13871"},{"taxonomy":"post_tag","embeddable":true,"href":"https:\/\/podernacional.com\/index.php?rest_route=%2Fwp%2Fv2%2Ftags&post=13871"}],"curies":[{"name":"wp","href":"https:\/\/api.w.org\/{rel}","templated":true}]}}