{"id":13895,"date":"2023-03-19T10:56:13","date_gmt":"2023-03-19T15:56:13","guid":{"rendered":"https:\/\/podernacional.com\/?p=13895"},"modified":"2023-03-19T15:56:29","modified_gmt":"2023-03-19T15:56:29","slug":"santiago-gimenez-y-edson-alvarez-anotan-en-el-clasico-de-paises-bajos","status":"publish","type":"post","link":"https:\/\/podernacional.com\/?p=13895","title":{"rendered":"Santiago Gim\u00e9nez y Edson \u00c1lvarez anotan en el cl\u00e1sico de Pa\u00edses Bajos"},"content":{"rendered":"<p>Santiago Gim\u00e9nez no perdon\u00f3 a sus compatriotas Edson \u00c1lvarez y Jorge S\u00e1nchez anot\u00f3 el tanto de la ventaja del Feyenoord ante el Ajax.<\/p>\n<p>Un centro al costado del \u00e1rea fue letal. La marca de Jorge S\u00e1nchez, quien salt\u00f3 como titular, se perdi\u00f3.<\/p>\n<p>El servicio localiz\u00f3 al goleador Santiago Gim\u00e9nez, quien con cabeza fr\u00eda la defini\u00f3 con categor\u00eda.<\/p>\n<blockquote class=\"twitter-tweet\" data-width=\"550\" data-dnt=\"true\">\n<p lang=\"es\" dir=\"ltr\">Por el lado de Jorge S\u00e1nchez lleg\u00f3 el centro&#8230; Y Santiago Gim\u00e9nez la  defini\u00f3 como killer del \u00e1rea.  <a href=\"https:\/\/t.co\/tkmUcWyHai\">https:\/\/t.co\/tkmUcWyHai<\/a><\/p>\n<p>&mdash; Kery Ruiz (@KeryNews) <a href=\"https:\/\/twitter.com\/KeryNews\/status\/1637448828772130818?ref_src=twsrc%5Etfw\">March 19, 2023<\/a><\/p><\/blockquote>\n<p><script async src=\"https:\/\/platform.twitter.com\/widgets.js\" charset=\"utf-8\"><\/script><\/p>\n<p>&nbsp;<\/p>\n<h4>EDSON \u00c1LVAREZ PUSO EL EMPATE<\/h4>\n<p>A bal\u00f3n parado, Edson \u00c1lvarez se desprendi\u00f3 de la marca y pr\u00e1cticamente entr\u00f3 solo. Con la jerarqu\u00eda de un delantero, la mand\u00f3 a guardar. 1-1 entre los mexicanos.<\/p>\n<blockquote class=\"twitter-tweet\" data-width=\"550\" data-dnt=\"true\">\n<p lang=\"es\" dir=\"ltr\">Edson \u00c1lvarez, en una gran jugada de bal\u00f3n parado, solo, y remat\u00f3 como jefe. 1-1. Ambos goles mexicanos en el <a href=\"https:\/\/twitter.com\/hashtag\/ajafey?src=hash&amp;ref_src=twsrc%5Etfw\">#ajafey<\/a> <a href=\"https:\/\/t.co\/fJVzuU6v4V\">https:\/\/t.co\/fJVzuU6v4V<\/a><\/p>\n<p>&mdash; Kery Ruiz (@KeryNews) <a href=\"https:\/\/twitter.com\/KeryNews\/status\/1637451964542861312?ref_src=twsrc%5Etfw\">March 19, 2023<\/a><\/p><\/blockquote>\n<p><script async src=\"https:\/\/platform.twitter.com\/widgets.js\" charset=\"utf-8\"><\/script><\/p>\n","protected":false},"excerpt":{"rendered":"<p>Santiago Gim\u00e9nez no perdon\u00f3 a sus compatriotas Edson \u00c1lvarez y Jorge S\u00e1nchez anot\u00f3 el tanto de la ventaja del Feyenoord ante el Ajax. Un centro al costado del \u00e1rea fue letal. La marca de Jorge S\u00e1nchez, quien salt\u00f3 como titular, se perdi\u00f3. El servicio localiz\u00f3 al goleador Santiago Gim\u00e9nez, quien con cabeza fr\u00eda la defini\u00f3 [&hellip;]<\/p>\n","protected":false},"author":1,"featured_media":13897,"comment_status":"open","ping_status":"closed","sticky":false,"template":"","format":"standard","meta":{"footnotes":""},"categories":[3],"tags":[],"class_list":["post-13895","post","type-post","status-publish","format-standard","has-post-thumbnail","hentry","category-deportes"],"_links":{"self":[{"href":"https:\/\/podernacional.com\/index.php?rest_route=\/wp\/v2\/posts\/13895","targetHints":{"allow":["GET"]}}],"collection":[{"href":"https:\/\/podernacional.com\/index.php?rest_route=\/wp\/v2\/posts"}],"about":[{"href":"https:\/\/podernacional.com\/index.php?rest_route=\/wp\/v2\/types\/post"}],"author":[{"embeddable":true,"href":"https:\/\/podernacional.com\/index.php?rest_route=\/wp\/v2\/users\/1"}],"replies":[{"embeddable":true,"href":"https:\/\/podernacional.com\/index.php?rest_route=%2Fwp%2Fv2%2Fcomments&post=13895"}],"version-history":[{"count":1,"href":"https:\/\/podernacional.com\/index.php?rest_route=\/wp\/v2\/posts\/13895\/revisions"}],"predecessor-version":[{"id":13896,"href":"https:\/\/podernacional.com\/index.php?rest_route=\/wp\/v2\/posts\/13895\/revisions\/13896"}],"wp:featuredmedia":[{"embeddable":true,"href":"https:\/\/podernacional.com\/index.php?rest_route=\/wp\/v2\/media\/13897"}],"wp:attachment":[{"href":"https:\/\/podernacional.com\/index.php?rest_route=%2Fwp%2Fv2%2Fmedia&parent=13895"}],"wp:term":[{"taxonomy":"category","embeddable":true,"href":"https:\/\/podernacional.com\/index.php?rest_route=%2Fwp%2Fv2%2Fcategories&post=13895"},{"taxonomy":"post_tag","embeddable":true,"href":"https:\/\/podernacional.com\/index.php?rest_route=%2Fwp%2Fv2%2Ftags&post=13895"}],"curies":[{"name":"wp","href":"https:\/\/api.w.org\/{rel}","templated":true}]}}