{"id":1390,"date":"2020-09-17T02:28:49","date_gmt":"2020-09-17T02:28:49","guid":{"rendered":"http:\/\/whatsappcancun.com\/?p=1390"},"modified":"2020-09-17T02:28:49","modified_gmt":"2020-09-17T02:28:49","slug":"gracias-totales-seis-anos-sin-gustavo-cerati","status":"publish","type":"post","link":"https:\/\/podernacional.com\/?p=1390","title":{"rendered":"\u201cGRACIAS TOTALES\u201d: Seis a\u00f1os sin Gustavo Cerati"},"content":{"rendered":"\n<p>El grupo musical&nbsp;Soda Stereo es sin lugar a dudas una de las bandas m\u00e1s emblem\u00e1ticas de Argentina y de Sudam\u00e9rica, es por eso que su m\u00fasica es muy bien recordada por todos sus seguidores.<\/p>\n\n\n\n<p>El l\u00edder musical de esa banda era el cantante Gustavo Cerati, que este viernes cumple seis a\u00f1os de haber perdido la vida,&nbsp;misma que perdi\u00f3 en un accidente cerebrovascular isqu\u00e9mico y en donde pas\u00f3 cuatro a\u00f1os en coma en un hospital.<\/p>\n\n\n\n<p>\u201cDe m\u00fasica Ligera\u201d, \u201cPersiana americana\u201d, \u201cUn mill\u00f3n de a\u00f1os luz\u201d,&nbsp;entre otras canciones; fueron los \u00e9xitos en donde el cantante puso llegar a cautivar al p\u00fablico en Argentina y el mundo.<\/p>\n\n\n\n<p>Seis a\u00f1os despu\u00e9s sus canciones siguen sonando y\u00a0este viernes seguramente ser\u00e1 recordado por todos los fan\u00e1ticos de Sosa Stereo.<\/p>\n\n\n\n<figure class=\"wp-block-embed-youtube wp-block-embed is-type-video is-provider-youtube wp-embed-aspect-4-3 wp-has-aspect-ratio\"><div class=\"wp-block-embed__wrapper\">\nhttps:\/\/youtu.be\/ALMJss7PMVY\n<\/div><\/figure>\n","protected":false},"excerpt":{"rendered":"<p>El grupo musical&nbsp;Soda Stereo es sin lugar a dudas una de las bandas m\u00e1s emblem\u00e1ticas de Argentina y de Sudam\u00e9rica, es por eso que su m\u00fasica es muy bien recordada por todos sus seguidores. El l\u00edder musical de esa banda era el cantante Gustavo Cerati, que este viernes cumple seis a\u00f1os de haber perdido la [&hellip;]<\/p>\n","protected":false},"author":1,"featured_media":1391,"comment_status":"open","ping_status":"open","sticky":false,"template":"","format":"standard","meta":{"footnotes":""},"categories":[12],"tags":[],"class_list":["post-1390","post","type-post","status-publish","format-standard","has-post-thumbnail","hentry","category-sin-categoria"],"_links":{"self":[{"href":"https:\/\/podernacional.com\/index.php?rest_route=\/wp\/v2\/posts\/1390","targetHints":{"allow":["GET"]}}],"collection":[{"href":"https:\/\/podernacional.com\/index.php?rest_route=\/wp\/v2\/posts"}],"about":[{"href":"https:\/\/podernacional.com\/index.php?rest_route=\/wp\/v2\/types\/post"}],"author":[{"embeddable":true,"href":"https:\/\/podernacional.com\/index.php?rest_route=\/wp\/v2\/users\/1"}],"replies":[{"embeddable":true,"href":"https:\/\/podernacional.com\/index.php?rest_route=%2Fwp%2Fv2%2Fcomments&post=1390"}],"version-history":[{"count":0,"href":"https:\/\/podernacional.com\/index.php?rest_route=\/wp\/v2\/posts\/1390\/revisions"}],"wp:featuredmedia":[{"embeddable":true,"href":"https:\/\/podernacional.com\/index.php?rest_route=\/wp\/v2\/media\/1391"}],"wp:attachment":[{"href":"https:\/\/podernacional.com\/index.php?rest_route=%2Fwp%2Fv2%2Fmedia&parent=1390"}],"wp:term":[{"taxonomy":"category","embeddable":true,"href":"https:\/\/podernacional.com\/index.php?rest_route=%2Fwp%2Fv2%2Fcategories&post=1390"},{"taxonomy":"post_tag","embeddable":true,"href":"https:\/\/podernacional.com\/index.php?rest_route=%2Fwp%2Fv2%2Ftags&post=1390"}],"curies":[{"name":"wp","href":"https:\/\/api.w.org\/{rel}","templated":true}]}}