{"id":13947,"date":"2023-03-21T09:30:13","date_gmt":"2023-03-21T14:30:13","guid":{"rendered":"https:\/\/podernacional.com\/?p=13947"},"modified":"2023-03-21T06:00:42","modified_gmt":"2023-03-21T06:00:42","slug":"jeremy-scott-deja-direccion-creativa-de-moschino","status":"publish","type":"post","link":"https:\/\/podernacional.com\/?p=13947","title":{"rendered":"Jeremy Scott deja direcci\u00f3n creativa de Moschino"},"content":{"rendered":"<p>Jeremy Scott, el director creativo de Moschino deja la casa de moda italiana tras 10 a\u00f1os.<\/p>\n<p>\u00abScott ha escrito un cap\u00edtulo fundamental en el legado de la marca con su valiente estilo pop-camp y su incisivo humor\u00bb, dijo Moschino la marca de lujo en un comunicado.<\/p>\n<p>En sus redes sociales, el dise\u00f1ador tambi\u00e9n se despidi\u00f3 de Moschino agradeciendo por \u201ctodo el amor y apoyo\u201d que recibi\u00f3 durante 10 a\u00f1os.<\/p>\n<p>\u201cDespu\u00e9s de 1\ufe0f0 a\u00f1os estoy anunciando hoy que saldr\u00e9 de Moschino. he tenido una explosi\u00f3n creando dise\u00f1os que vivir\u00e1n para siempre, estoy agradecido por todo el amor y apoyo que he recibido en esta d\u00e9cada pasada; al cerrar este cap\u00edtulo estoy lleno de emoci\u00f3n y anticipaci\u00f3n y no puedo esperar para compartir con todos ustedes lo que viene\u201d, expres\u00f3 el estadounidense, nombrado director creativo de la firma en 2013.<\/p>\n<p>Por el momento, ni Moschino ni su empresa matriz, Aeffe, han anunciado el nombre del sucesor de Jeremy Scott.<\/p>\n","protected":false},"excerpt":{"rendered":"<p>Jeremy Scott, el director creativo de Moschino deja la casa de moda italiana tras 10 a\u00f1os. \u00abScott ha escrito un cap\u00edtulo fundamental en el legado de la marca con su valiente estilo pop-camp y su incisivo humor\u00bb, dijo Moschino la marca de lujo en un comunicado. En sus redes sociales, el dise\u00f1ador tambi\u00e9n se despidi\u00f3 [&hellip;]<\/p>\n","protected":false},"author":1,"featured_media":13949,"comment_status":"open","ping_status":"closed","sticky":false,"template":"","format":"standard","meta":{"footnotes":""},"categories":[4],"tags":[],"class_list":["post-13947","post","type-post","status-publish","format-standard","has-post-thumbnail","hentry","category-espectaculos"],"_links":{"self":[{"href":"https:\/\/podernacional.com\/index.php?rest_route=\/wp\/v2\/posts\/13947","targetHints":{"allow":["GET"]}}],"collection":[{"href":"https:\/\/podernacional.com\/index.php?rest_route=\/wp\/v2\/posts"}],"about":[{"href":"https:\/\/podernacional.com\/index.php?rest_route=\/wp\/v2\/types\/post"}],"author":[{"embeddable":true,"href":"https:\/\/podernacional.com\/index.php?rest_route=\/wp\/v2\/users\/1"}],"replies":[{"embeddable":true,"href":"https:\/\/podernacional.com\/index.php?rest_route=%2Fwp%2Fv2%2Fcomments&post=13947"}],"version-history":[{"count":1,"href":"https:\/\/podernacional.com\/index.php?rest_route=\/wp\/v2\/posts\/13947\/revisions"}],"predecessor-version":[{"id":13948,"href":"https:\/\/podernacional.com\/index.php?rest_route=\/wp\/v2\/posts\/13947\/revisions\/13948"}],"wp:featuredmedia":[{"embeddable":true,"href":"https:\/\/podernacional.com\/index.php?rest_route=\/wp\/v2\/media\/13949"}],"wp:attachment":[{"href":"https:\/\/podernacional.com\/index.php?rest_route=%2Fwp%2Fv2%2Fmedia&parent=13947"}],"wp:term":[{"taxonomy":"category","embeddable":true,"href":"https:\/\/podernacional.com\/index.php?rest_route=%2Fwp%2Fv2%2Fcategories&post=13947"},{"taxonomy":"post_tag","embeddable":true,"href":"https:\/\/podernacional.com\/index.php?rest_route=%2Fwp%2Fv2%2Ftags&post=13947"}],"curies":[{"name":"wp","href":"https:\/\/api.w.org\/{rel}","templated":true}]}}