{"id":13971,"date":"2023-03-21T19:36:33","date_gmt":"2023-03-22T00:36:33","guid":{"rendered":"https:\/\/podernacional.com\/?p=13971"},"modified":"2023-03-22T00:36:35","modified_gmt":"2023-03-22T00:36:35","slug":"fortalece-quintana-roo-operativos-de-seguridad-por-temporada-de-spring-break","status":"publish","type":"post","link":"https:\/\/podernacional.com\/?p=13971","title":{"rendered":"Fortalece Quintana Roo operativos de seguridad por temporada de Spring Break"},"content":{"rendered":"<h4>-En este operativo participan 496 elementos, de la polic\u00eda municipal, estatal, Protecci\u00f3n Civil, bomberos, representantes consulares.<\/h4>\n<p>Adem\u00e1s de la\u00a0Guardia Nacional, la Marina y la FGE<\/p>\n<p>La gobernadora Mara Lezama Espinosa destac\u00f3 las acciones de seguridad que se implementan en el Caribe Mexicano.<\/p>\n<p>Esto\u00a0ante el inicio de vacaciones de primavera, con apoyo de corporaciones de los tres niveles de gobierno.<\/p>\n<p>\u201cTodas y todos trabajamos diariamente en acciones conjuntas, en torno al Nuevo Acuerdo por el Bienestar y Desarrollo de Quintana Roo<\/p>\n<p>As\u00ed como para reforzar la seguridad y mantiene presencia en todas las playas, con elementos de Marina, Guardia Nacional, Polic\u00eda Tur\u00edstica y Polic\u00eda Estatal\u201d, destac\u00f3.<\/p>\n<p>Justo ante el inicio de la temporada de Spring Break, la Gobernadora dio la bienvenida a los visitantes que prefieren las playas azul turquesa.<\/p>\n<h4>Destac\u00f3 que a partir de las 10 de la noche se inicia todos los d\u00edas el operativo \u201cC\u00edrculo Rojo\u201d para vigilar bares y discotecas.<\/h4>\n<p>Adem\u00e1s de que se cuenta con Centros de Atenci\u00f3n Inmediata (CAIS) .<\/p>\n<p>As\u00ed como de carpas donde se revisan las c\u00e1maras de video de circuitos cerrados, as\u00ed el monitoreo que se realiza desde el C5.<\/p>\n<p>Reiter\u00f3 que Quintana Roo y sus diferentes destinos tur\u00edsticos son comunidades seguras.<\/p>\n<p>As\u00ed lo pudieron constatar los tres millones 829 mil pasajeros que recibimos entre en enero y febrero de este a\u00f1o.<\/p>\n<p>Por cierto, 830 mil pasajeros m\u00e1s que en el mismo periodo de 2022, apunt\u00f3.<\/p>\n<p>Mara Lezama se\u00f1al\u00f3 que todas y todos en Quintana Roo trabajan diariamente en acciones conjuntas para reforzar la seguridad para visitantes.<\/p>\n<p>Tambi\u00e9n para los ciudadanos que habitan en la entidad.<\/p>\n","protected":false},"excerpt":{"rendered":"<p>-En este operativo participan 496 elementos, de la polic\u00eda municipal, estatal, Protecci\u00f3n Civil, bomberos, representantes consulares. Adem\u00e1s de la\u00a0Guardia Nacional, la Marina y la FGE La gobernadora Mara Lezama Espinosa destac\u00f3 las acciones de seguridad que se implementan en el Caribe Mexicano. Esto\u00a0ante el inicio de vacaciones de primavera, con apoyo de corporaciones de los [&hellip;]<\/p>\n","protected":false},"author":1,"featured_media":13973,"comment_status":"open","ping_status":"closed","sticky":false,"template":"","format":"standard","meta":{"footnotes":""},"categories":[10],"tags":[],"class_list":["post-13971","post","type-post","status-publish","format-standard","has-post-thumbnail","hentry","category-quintana-roo"],"_links":{"self":[{"href":"https:\/\/podernacional.com\/index.php?rest_route=\/wp\/v2\/posts\/13971","targetHints":{"allow":["GET"]}}],"collection":[{"href":"https:\/\/podernacional.com\/index.php?rest_route=\/wp\/v2\/posts"}],"about":[{"href":"https:\/\/podernacional.com\/index.php?rest_route=\/wp\/v2\/types\/post"}],"author":[{"embeddable":true,"href":"https:\/\/podernacional.com\/index.php?rest_route=\/wp\/v2\/users\/1"}],"replies":[{"embeddable":true,"href":"https:\/\/podernacional.com\/index.php?rest_route=%2Fwp%2Fv2%2Fcomments&post=13971"}],"version-history":[{"count":1,"href":"https:\/\/podernacional.com\/index.php?rest_route=\/wp\/v2\/posts\/13971\/revisions"}],"predecessor-version":[{"id":13972,"href":"https:\/\/podernacional.com\/index.php?rest_route=\/wp\/v2\/posts\/13971\/revisions\/13972"}],"wp:featuredmedia":[{"embeddable":true,"href":"https:\/\/podernacional.com\/index.php?rest_route=\/wp\/v2\/media\/13973"}],"wp:attachment":[{"href":"https:\/\/podernacional.com\/index.php?rest_route=%2Fwp%2Fv2%2Fmedia&parent=13971"}],"wp:term":[{"taxonomy":"category","embeddable":true,"href":"https:\/\/podernacional.com\/index.php?rest_route=%2Fwp%2Fv2%2Fcategories&post=13971"},{"taxonomy":"post_tag","embeddable":true,"href":"https:\/\/podernacional.com\/index.php?rest_route=%2Fwp%2Fv2%2Ftags&post=13971"}],"curies":[{"name":"wp","href":"https:\/\/api.w.org\/{rel}","templated":true}]}}