{"id":13974,"date":"2023-03-21T19:39:11","date_gmt":"2023-03-22T00:39:11","guid":{"rendered":"https:\/\/podernacional.com\/?p=13974"},"modified":"2023-03-22T00:39:12","modified_gmt":"2023-03-22T00:39:12","slug":"gobierno-de-quintana-roo-y-el-inecc-concientizan-sobre-mercados-voluntarios-de-carbono","status":"publish","type":"post","link":"https:\/\/podernacional.com\/?p=13974","title":{"rendered":"Gobierno de Quintana Roo y el INECC concientizan sobre Mercados Voluntarios de Carbono"},"content":{"rendered":"<h4>El Gobierno de Quintana Roo a trav\u00e9s de la Secretar\u00eda de Ecolog\u00eda y Medio Ambiente en colaboraci\u00f3n con el Instituto Nacional de Ecolog\u00eda.<\/h4>\n<p>As\u00ed como del Cambio Clim\u00e1tico (INECC), impartieron talleres sobre el Mercado Voluntario de Carbono.<\/p>\n<p>Esto con el objetivo de dar a conocer los beneficios a los poseedores de los bosques.<\/p>\n<p>A\u00a0la vez que permite contribuir a la lucha contra el cambio clim\u00e1tico y beneficiar a sectores vulnerables.<\/p>\n<p>Al informar sobre las oportunidades de los beneficios comunitarios y riesgos en los mercados voluntarios de carbono.<\/p>\n<p>Dichos\u00a0(Sistemas comerciales en los que se venden y compran cr\u00e9ditos de carbono) se busca impulsar el mercado de carbono y carbono azul.<\/p>\n<p>Esto\u00a0acorde al Eje 4 Medio Ambiente y Sustentabilidad del Plan Estatal de Desarrollo.<\/p>\n<p>As\u00ed como\u00a0en el marco del Nuevo Acuerdo por el Bienestar y Desarrollo de la gobernadora, Mara Lezama Espinosa.<\/p>\n<p>Un cr\u00e9dito o bono de carbono representa la captura que realizan los bosques al retirar una tonelada de di\u00f3xido de carbono de la atm\u00f3sfera.<\/p>\n<h4>El cual busca\u00a0evitar el incremento de la temperatura derivada de los gases y compuestos de invernadero.<\/h4>\n<p>Las empresas que emiten grandes cantidades de gases a la atm\u00f3sfera reducen el pago de sus impuestos.<\/p>\n<p>Esto\u00a0por contaminaci\u00f3n al demostrar el apoyo en el incremento de los bosques naturales.<\/p>\n<p>Quintana Roo posee potencial en sus bosques que act\u00faan como sumideros de carbono, adicionalmente los humedales tambi\u00e9n realizan captura de carbono.<\/p>\n<p>La experiencia de las comunidades en materia de aprovechamiento es un factor que incrementa las buenas pr\u00e1cticas.<\/p>\n<p>As\u00ed como\u00a0para proyectos que se emplean en el mercado voluntario de bonos de carbono.<\/p>\n<p>Para consulta se tiene un micrositio de cambio clim\u00e1tico con una secci\u00f3n dedicada al tema https:\/\/cambioclimatico.semaqroo.gob.mx\/mercado-de-carbono\/.<\/p>\n<p>El taller se brind\u00f3 en los municipios de L\u00e1zaro C\u00e1rdenas, Oth\u00f3n P. Blanco y Felipe Carrillo Puerto.<\/p>\n<p>Fueron impartidos por Livia V\u00e1zquez, Janet Frausto y Edy Hern\u00e1ndez Rivera del INECC y personal de la Secretar\u00eda de Ecolog\u00eda.<\/p>\n<p>As\u00ed como de Medio Ambiente presidida por Huguette Hern\u00e1ndez G\u00f3mez.<\/p>\n","protected":false},"excerpt":{"rendered":"<p>El Gobierno de Quintana Roo a trav\u00e9s de la Secretar\u00eda de Ecolog\u00eda y Medio Ambiente en colaboraci\u00f3n con el Instituto Nacional de Ecolog\u00eda. As\u00ed como del Cambio Clim\u00e1tico (INECC), impartieron talleres sobre el Mercado Voluntario de Carbono. Esto con el objetivo de dar a conocer los beneficios a los poseedores de los bosques. A\u00a0la vez [&hellip;]<\/p>\n","protected":false},"author":1,"featured_media":13976,"comment_status":"open","ping_status":"closed","sticky":false,"template":"","format":"standard","meta":{"footnotes":""},"categories":[10],"tags":[],"class_list":["post-13974","post","type-post","status-publish","format-standard","has-post-thumbnail","hentry","category-quintana-roo"],"_links":{"self":[{"href":"https:\/\/podernacional.com\/index.php?rest_route=\/wp\/v2\/posts\/13974","targetHints":{"allow":["GET"]}}],"collection":[{"href":"https:\/\/podernacional.com\/index.php?rest_route=\/wp\/v2\/posts"}],"about":[{"href":"https:\/\/podernacional.com\/index.php?rest_route=\/wp\/v2\/types\/post"}],"author":[{"embeddable":true,"href":"https:\/\/podernacional.com\/index.php?rest_route=\/wp\/v2\/users\/1"}],"replies":[{"embeddable":true,"href":"https:\/\/podernacional.com\/index.php?rest_route=%2Fwp%2Fv2%2Fcomments&post=13974"}],"version-history":[{"count":1,"href":"https:\/\/podernacional.com\/index.php?rest_route=\/wp\/v2\/posts\/13974\/revisions"}],"predecessor-version":[{"id":13975,"href":"https:\/\/podernacional.com\/index.php?rest_route=\/wp\/v2\/posts\/13974\/revisions\/13975"}],"wp:featuredmedia":[{"embeddable":true,"href":"https:\/\/podernacional.com\/index.php?rest_route=\/wp\/v2\/media\/13976"}],"wp:attachment":[{"href":"https:\/\/podernacional.com\/index.php?rest_route=%2Fwp%2Fv2%2Fmedia&parent=13974"}],"wp:term":[{"taxonomy":"category","embeddable":true,"href":"https:\/\/podernacional.com\/index.php?rest_route=%2Fwp%2Fv2%2Fcategories&post=13974"},{"taxonomy":"post_tag","embeddable":true,"href":"https:\/\/podernacional.com\/index.php?rest_route=%2Fwp%2Fv2%2Ftags&post=13974"}],"curies":[{"name":"wp","href":"https:\/\/api.w.org\/{rel}","templated":true}]}}