{"id":14003,"date":"2023-03-22T18:04:52","date_gmt":"2023-03-22T23:04:52","guid":{"rendered":"https:\/\/podernacional.com\/?p=14003"},"modified":"2023-03-22T23:04:53","modified_gmt":"2023-03-22T23:04:53","slug":"asi-sera-el-festival-de-verano-de-quebec-2023","status":"publish","type":"post","link":"https:\/\/podernacional.com\/?p=14003","title":{"rendered":"As\u00ed ser\u00e1 el Festival de Verano de Qu\u00e9bec 2023"},"content":{"rendered":"<h4>Del 6 al 16 de julio se llevar\u00e1 a cabo el Festival d\u2019\u00e9t\u00e9 de Qu\u00e9bec, o el Festival de Verano de Qu\u00e9bec.<\/h4>\n<p>El cual promete 11 d\u00edas de m\u00fasica, gastronom\u00eda y fiesta.<\/p>\n<p>El Festival d\u2019\u00e9t\u00e9 de Qu\u00e9bec es un evento que transforma a esta ciudad canadiense en una fiesta al aire libre.<\/p>\n<p>Esto\u00a0pues en diversos puntos encontrar\u00e1n escenarios donde se presentan artistas locales e internacionales.<\/p>\n<p>El festival cuenta con cuatro escenarios principales, Sc\u00e8ne Bell, Sc\u00e8ne Loto Qu\u00e9bec, Sc\u00e8ne SiriusXM y Sc\u00e8ne Hydro-Qu\u00e9bec.<\/p>\n<p>Lugar en donde se presentan bandas de diferentes g\u00e9neros musicales que van desde pop, rock, jazz hasta m\u00fasica electr\u00f3nica y hip hop.<\/p>\n<p>Adem\u00e1s se presentan artistas callejeros que ofrecen incre\u00edbles actuaciones de acrobacias, espect\u00e1culos circenses y mucho m\u00e1s. \u00a1Para que disfrute toda la familia!<\/p>\n<h4>Algunas de las bandas que se presentar\u00e1n en esta edici\u00f3n son:<\/h4>\n<p>Weezer, Imagine Dragons, Foo Fighters, Les Trois Accords, Pitbull, Les Cowboys Fringants, Lana del Rey, Green Day, Coeur de Pirate.<\/p>\n<p>As\u00ed como de\u00a0Christine and the Queens, Gryffin, Vance Joy, entre muchos m\u00e1s.<\/p>\n<p>Adem\u00e1s, tambi\u00e9n podr\u00e1n disfrutar de la fiesta en Extras FEQ, Pop-Up FEQ y Electro FEQ.<\/p>\n<p>En la p\u00e1gina oficial del Festival d\u2019\u00e9t\u00e9 de Qu\u00e9bec pueden ver el lineup completo, por d\u00eda, escenario y los horarios.<\/p>\n<p>Adem\u00e1s, los Fudis por el mundo tambi\u00e9n podr\u00e1n deleitarse con diversas opciones gastron\u00f3micas como comida callejera y alta cocina.<\/p>\n<p>As\u00ed como en Le Coeur y La Terrasse de FEQ.<\/p>\n<p>El precio de los boletos var\u00eda dependiendo del tipo que elijan, en la p\u00e1gina del Festival d\u2019\u00e9t\u00e9 de Qu\u00e9bec encontrar\u00e1n todos los detalles.<\/p>\n<p>&nbsp;<\/p>\n<p>&nbsp;<\/p>\n","protected":false},"excerpt":{"rendered":"<p>Del 6 al 16 de julio se llevar\u00e1 a cabo el Festival d\u2019\u00e9t\u00e9 de Qu\u00e9bec, o el Festival de Verano de Qu\u00e9bec. El cual promete 11 d\u00edas de m\u00fasica, gastronom\u00eda y fiesta. El Festival d\u2019\u00e9t\u00e9 de Qu\u00e9bec es un evento que transforma a esta ciudad canadiense en una fiesta al aire libre. Esto\u00a0pues en diversos [&hellip;]<\/p>\n","protected":false},"author":1,"featured_media":14005,"comment_status":"open","ping_status":"closed","sticky":false,"template":"","format":"standard","meta":{"footnotes":""},"categories":[10],"tags":[],"class_list":["post-14003","post","type-post","status-publish","format-standard","has-post-thumbnail","hentry","category-quintana-roo"],"_links":{"self":[{"href":"https:\/\/podernacional.com\/index.php?rest_route=\/wp\/v2\/posts\/14003","targetHints":{"allow":["GET"]}}],"collection":[{"href":"https:\/\/podernacional.com\/index.php?rest_route=\/wp\/v2\/posts"}],"about":[{"href":"https:\/\/podernacional.com\/index.php?rest_route=\/wp\/v2\/types\/post"}],"author":[{"embeddable":true,"href":"https:\/\/podernacional.com\/index.php?rest_route=\/wp\/v2\/users\/1"}],"replies":[{"embeddable":true,"href":"https:\/\/podernacional.com\/index.php?rest_route=%2Fwp%2Fv2%2Fcomments&post=14003"}],"version-history":[{"count":1,"href":"https:\/\/podernacional.com\/index.php?rest_route=\/wp\/v2\/posts\/14003\/revisions"}],"predecessor-version":[{"id":14004,"href":"https:\/\/podernacional.com\/index.php?rest_route=\/wp\/v2\/posts\/14003\/revisions\/14004"}],"wp:featuredmedia":[{"embeddable":true,"href":"https:\/\/podernacional.com\/index.php?rest_route=\/wp\/v2\/media\/14005"}],"wp:attachment":[{"href":"https:\/\/podernacional.com\/index.php?rest_route=%2Fwp%2Fv2%2Fmedia&parent=14003"}],"wp:term":[{"taxonomy":"category","embeddable":true,"href":"https:\/\/podernacional.com\/index.php?rest_route=%2Fwp%2Fv2%2Fcategories&post=14003"},{"taxonomy":"post_tag","embeddable":true,"href":"https:\/\/podernacional.com\/index.php?rest_route=%2Fwp%2Fv2%2Ftags&post=14003"}],"curies":[{"name":"wp","href":"https:\/\/api.w.org\/{rel}","templated":true}]}}