{"id":14018,"date":"2023-03-22T18:25:34","date_gmt":"2023-03-22T23:25:34","guid":{"rendered":"https:\/\/podernacional.com\/?p=14018"},"modified":"2023-03-22T23:25:36","modified_gmt":"2023-03-22T23:25:36","slug":"inicia-el-registro-por-sindrome-de-down-en-quintana-roo","status":"publish","type":"post","link":"https:\/\/podernacional.com\/?p=14018","title":{"rendered":"Inicia el registro por S\u00edndrome de Down en Quintana Roo"},"content":{"rendered":"<h4>Del 21 de marzo al 21 de mayo del a\u00f1o en curso estar\u00e1 disponible en Quintana Roo la campa\u00f1a #60D\u00edasParaEncontrarte.<\/h4>\n<p>Esto\u00a0con la intenci\u00f3n de promover el Registro Nacional de Personas con S\u00edndrome de Down, para tener informaci\u00f3n sobre las familias.<\/p>\n<p>El cual para\u00a0saber cu\u00e1les son sus oportunidades reales de acceso a la parte m\u00e9dica, terap\u00e9utica y social.<\/p>\n<p>La doctora Lidia G\u00f3mez Puente, cofundadora y directora de Red Down M\u00e9xico coment\u00f3 que esta campa\u00f1a retoma este registro.<\/p>\n<p>As\u00ed crear una base de datos con tres \u00e1reas espec\u00edficas que permitir\u00e1n conocer datos demogr\u00e1ficos de las familias.<\/p>\n<p>Adem\u00e1s de\u00a0explorar informaci\u00f3n sobre inclusi\u00f3n educativa, laboral, entre otras cuestiones.<\/p>\n<p>\u201cLa meta es encontrar a mil personas en nuestro estado, sabemos que la incidencia en M\u00e9xico es 1 de cada 690 reci\u00e9n nacidos vivos\u201d.<\/p>\n<p>\u201cAs\u00ed como\u00a0por las estad\u00edsticas que tenemos de los reci\u00e9n nacidos en Quintana Roo en los \u00faltimos 20 a\u00f1os\u201d.<\/p>\n<h4>\u201cAdem\u00e1s de que\u00a0consideramos que debemos de encontrar a m\u00ednimo mil personas con S\u00edndrome de Down\u201d.<\/h4>\n<p>Dijo que este Registro Nacional opera desde 2019, pero no ha tenido la respuesta adecuada.<\/p>\n<p>De ah\u00ed que consider\u00f3 importante trabajar de forma coordinada y organizada entre todos los sectores de la poblaci\u00f3n.<\/p>\n<p>Ya que hasta 2020, se contabilizaron 2 mil 582 personas en todo el pa\u00eds y 305 registros correspondieron al sureste.<\/p>\n<p>\u201cNecesitamos hacer un mayor esfuerzo para lograr encontrar a todas estas familias que desconocemos en qu\u00e9 circunstancias est\u00e1n.<\/p>\n<p>En particular en Quintana Roo, tenemos \u00fanicamente 147 personas registradas (de 6 a 11 a\u00f1os).<\/p>\n<p>El cual\u00a0se estima que en el estado hay m\u00e1s de mil personas con S\u00edndrome de Down, de ah\u00ed la importancia de impulsar este registro\u201d.<\/p>\n<p>En ese sentido, Ver\u00f3nica Lezama Espinosa, presidenta honoraria del Sistema DIF estatal.<\/p>\n<p>Adem\u00e1s de que coment\u00f3 que lo que no se cuenta no se puede medir, por lo que resalt\u00f3 la importancia de este registro.<\/p>\n<h4>Esto\u00a0a fin de enfocar los esfuerzos correspondientes.<\/h4>\n<p>Mencion\u00f3 que ayudar\u00e1n en las comunidades m\u00e1s alejadas para hacer el registro manual.<\/p>\n<p>Adem\u00e1s de que puesto que ah\u00ed en ocasiones no se cuenta con la tecnolog\u00eda para realizar este procedimiento en l\u00ednea.<\/p>\n<p>Cada 21 de marzo se conmemora el D\u00eda Mundial del S\u00edndrome de Down, por ello autoridades estatales, municipales.<\/p>\n<p>As\u00ed como de\u00a0la sociedad civil formaron un lazo humano en el Parque de las Palapas.<\/p>\n<p>Los asistentes llenaron tres letras equis con calcetas y playeras de colores y formaron el n\u00famero 21 haciendo referencia a la trisom\u00eda 21.<\/p>\n<p>Dicha\u00a0\u2014caracter\u00edstica de las personas con S\u00edndrome de Down\u2014.<\/p>\n<p>\u201cEste tipo de acciones, aunque no lo crean, suman para hacer notar, para entender que el S\u00edndrome de Down no es una enfermedad\u201d.<\/p>\n<p>\u201cYa que\u00a0es una condici\u00f3n como cualquier otra, estas acciones no deben quedarse en un d\u00eda. Hacer un Quintana Roo m\u00e1s inclusivo\u201d, abund\u00f3 Lezama Espinosa.<\/p>\n","protected":false},"excerpt":{"rendered":"<p>Del 21 de marzo al 21 de mayo del a\u00f1o en curso estar\u00e1 disponible en Quintana Roo la campa\u00f1a #60D\u00edasParaEncontrarte. Esto\u00a0con la intenci\u00f3n de promover el Registro Nacional de Personas con S\u00edndrome de Down, para tener informaci\u00f3n sobre las familias. El cual para\u00a0saber cu\u00e1les son sus oportunidades reales de acceso a la parte m\u00e9dica, terap\u00e9utica [&hellip;]<\/p>\n","protected":false},"author":1,"featured_media":14020,"comment_status":"open","ping_status":"closed","sticky":false,"template":"","format":"standard","meta":{"footnotes":""},"categories":[10],"tags":[],"class_list":["post-14018","post","type-post","status-publish","format-standard","has-post-thumbnail","hentry","category-quintana-roo"],"_links":{"self":[{"href":"https:\/\/podernacional.com\/index.php?rest_route=\/wp\/v2\/posts\/14018","targetHints":{"allow":["GET"]}}],"collection":[{"href":"https:\/\/podernacional.com\/index.php?rest_route=\/wp\/v2\/posts"}],"about":[{"href":"https:\/\/podernacional.com\/index.php?rest_route=\/wp\/v2\/types\/post"}],"author":[{"embeddable":true,"href":"https:\/\/podernacional.com\/index.php?rest_route=\/wp\/v2\/users\/1"}],"replies":[{"embeddable":true,"href":"https:\/\/podernacional.com\/index.php?rest_route=%2Fwp%2Fv2%2Fcomments&post=14018"}],"version-history":[{"count":1,"href":"https:\/\/podernacional.com\/index.php?rest_route=\/wp\/v2\/posts\/14018\/revisions"}],"predecessor-version":[{"id":14019,"href":"https:\/\/podernacional.com\/index.php?rest_route=\/wp\/v2\/posts\/14018\/revisions\/14019"}],"wp:featuredmedia":[{"embeddable":true,"href":"https:\/\/podernacional.com\/index.php?rest_route=\/wp\/v2\/media\/14020"}],"wp:attachment":[{"href":"https:\/\/podernacional.com\/index.php?rest_route=%2Fwp%2Fv2%2Fmedia&parent=14018"}],"wp:term":[{"taxonomy":"category","embeddable":true,"href":"https:\/\/podernacional.com\/index.php?rest_route=%2Fwp%2Fv2%2Fcategories&post=14018"},{"taxonomy":"post_tag","embeddable":true,"href":"https:\/\/podernacional.com\/index.php?rest_route=%2Fwp%2Fv2%2Ftags&post=14018"}],"curies":[{"name":"wp","href":"https:\/\/api.w.org\/{rel}","templated":true}]}}