{"id":14051,"date":"2023-03-23T17:17:53","date_gmt":"2023-03-23T22:17:53","guid":{"rendered":"https:\/\/podernacional.com\/?p=14051"},"modified":"2023-03-23T22:17:55","modified_gmt":"2023-03-23T22:17:55","slug":"el-festival-cala-mijas-suma-a-su-cartel-un-total-de-60-artistas","status":"publish","type":"post","link":"https:\/\/podernacional.com\/?p=14051","title":{"rendered":"El festival Cala Mijas suma a su cartel un total de 60 artistas"},"content":{"rendered":"<h4>El evento contar\u00e1 con actuaciones de bandas como The Strokes, Arcade Fire o Florence + The Machine<\/h4>\n<p>La Junta contratar\u00e1 este a\u00f1o el proyecto para la ampliaci\u00f3n del IES La Cala de Mijas<\/p>\n<p>Mijas entrega cinco huertos urbanos a vecinos de la localidad<\/p>\n<p>El escenario sunrise del festival Cala Mijas.<\/p>\n<p>La segunda edici\u00f3n del festival Cala Mijas, que se celebrar\u00e1 del 31 de agosto al 2 de septiembre.<\/p>\n<p>El cual sumar\u00e1 para su segunda edici\u00f3n a 60 artistas nacionales e internacionales.<\/p>\n<p>As\u00ed como de\u00a0un evento que contar\u00e1 con actuaciones de \u00a0bandas como The Strokes, Arcade Fire o Florence + The Machine.<\/p>\n<p>Esto seg\u00fan ha informado este jueves el alcalde, Josele Gonz\u00e1lez.<\/p>\n<p>As\u00ed, a los grupos ya confirmados se unen los artistas Moderat, Belle &amp; Sebastian, Siouxsie, Jos\u00e9 Gonz\u00e1lez \u2018Veneer\u2019.<\/p>\n<p>Adem\u00e1s de\u00a0Duki, Arca, Lil Yachty, Pabllo Vittar, Idles y Lori Meyers.<\/p>\n<p>El regidor ha destacado que \u201cm\u00e1s de 60 artistas nacionales e internacionales pasar\u00e1n por el recinto Sonora Mijas.<\/p>\n<p>Esto\u00a0tres d\u00edas en los que el municipio \u00a0volver\u00e1 a estar en el mapa musical gracias a un cartel de primer nivel\u201d.<\/p>\n<h4>Estando\u00a0recalcando que \u201ccon ellos viviremos una segunda edici\u00f3n que promete ser igual o mejor que su debut.<\/h4>\n<p>Adem\u00e1s de\u00a0la cual se alz\u00f3 el pasado a\u00f1o con el prestigioso premio Fest al Mejor Festival Revelaci\u00f3n o dos premios Iberian Festival Awards.<\/p>\n<p>Esto\u00a0a Mejor Nuevo Festival y Mejor Directo con Arctic Monkeys\u201d.<\/p>\n<p>Por su parte, la concejala de Fiestas, Tamara Vera, ha subrayado \u201cla calidad y la variedad del cartel que presentamos en esta segunda edici\u00f3n.<\/p>\n<p>As\u00ed como\u00a0con un listado de artistas para todos los gustos\u201d.<\/p>\n<p>Adem\u00e1s de que\u00a0ha recordado que la primera edici\u00f3n \u201cconquist\u00f3 a 107.000 personas de m\u00e1s de 50 pa\u00edses de todo el mundo.<\/p>\n<p>El festival Cala Mijas volver\u00e1 a convertirse en el destino elegido por miles de personas para decir adi\u00f3s al verano con la mejor m\u00fasica del momento.<\/p>\n<p>Esto\u00a0en un escenario que nunca defrauda con sol, playa y cielo azul.<\/p>\n<p>El singular pueblo blanco volver\u00e1 a acoger la segunda edici\u00f3n del festival Cala Mijas con p\u00fablico de todos los rincones.<\/p>\n<p>Esto\u00a0desde Reino Unido, Alemania, Italia o Francia hasta las cercanas Valencia, Madrid, Barcelona o Pa\u00eds Vasco.<\/p>\n","protected":false},"excerpt":{"rendered":"<p>El evento contar\u00e1 con actuaciones de bandas como The Strokes, Arcade Fire o Florence + The Machine La Junta contratar\u00e1 este a\u00f1o el proyecto para la ampliaci\u00f3n del IES La Cala de Mijas Mijas entrega cinco huertos urbanos a vecinos de la localidad El escenario sunrise del festival Cala Mijas. La segunda edici\u00f3n del festival [&hellip;]<\/p>\n","protected":false},"author":1,"featured_media":14053,"comment_status":"open","ping_status":"closed","sticky":false,"template":"","format":"standard","meta":{"footnotes":""},"categories":[4],"tags":[],"class_list":["post-14051","post","type-post","status-publish","format-standard","has-post-thumbnail","hentry","category-espectaculos"],"_links":{"self":[{"href":"https:\/\/podernacional.com\/index.php?rest_route=\/wp\/v2\/posts\/14051","targetHints":{"allow":["GET"]}}],"collection":[{"href":"https:\/\/podernacional.com\/index.php?rest_route=\/wp\/v2\/posts"}],"about":[{"href":"https:\/\/podernacional.com\/index.php?rest_route=\/wp\/v2\/types\/post"}],"author":[{"embeddable":true,"href":"https:\/\/podernacional.com\/index.php?rest_route=\/wp\/v2\/users\/1"}],"replies":[{"embeddable":true,"href":"https:\/\/podernacional.com\/index.php?rest_route=%2Fwp%2Fv2%2Fcomments&post=14051"}],"version-history":[{"count":1,"href":"https:\/\/podernacional.com\/index.php?rest_route=\/wp\/v2\/posts\/14051\/revisions"}],"predecessor-version":[{"id":14052,"href":"https:\/\/podernacional.com\/index.php?rest_route=\/wp\/v2\/posts\/14051\/revisions\/14052"}],"wp:featuredmedia":[{"embeddable":true,"href":"https:\/\/podernacional.com\/index.php?rest_route=\/wp\/v2\/media\/14053"}],"wp:attachment":[{"href":"https:\/\/podernacional.com\/index.php?rest_route=%2Fwp%2Fv2%2Fmedia&parent=14051"}],"wp:term":[{"taxonomy":"category","embeddable":true,"href":"https:\/\/podernacional.com\/index.php?rest_route=%2Fwp%2Fv2%2Fcategories&post=14051"},{"taxonomy":"post_tag","embeddable":true,"href":"https:\/\/podernacional.com\/index.php?rest_route=%2Fwp%2Fv2%2Ftags&post=14051"}],"curies":[{"name":"wp","href":"https:\/\/api.w.org\/{rel}","templated":true}]}}