{"id":14060,"date":"2023-03-23T17:32:03","date_gmt":"2023-03-23T22:32:03","guid":{"rendered":"https:\/\/podernacional.com\/?p=14060"},"modified":"2023-03-23T22:32:05","modified_gmt":"2023-03-23T22:32:05","slug":"elementos-de-la-guardia-nacional-reciben-capacitacion-para-proteger-el-patrimonio-arqueologico-de-quintana-roo","status":"publish","type":"post","link":"https:\/\/podernacional.com\/?p=14060","title":{"rendered":"Elementos de la Guardia Nacional reciben capacitaci\u00f3n para proteger el patrimonio arqueol\u00f3gico de Quintana Roo"},"content":{"rendered":"<h4>*** El curso busca facilitar la comunicaci\u00f3n entre las diversas disciplinas e instituciones que convergen en la defensa del patrimonio<\/h4>\n<p>*** Se brindaron cinco temas, a cargo de especialistas del Instituto Nacional de Antropolog\u00eda e Historia<\/p>\n<p>En el marco de la pol\u00edtica nacional de protecci\u00f3n y rescate del patrimonio cultural y arqueol\u00f3gico, la Secretar\u00eda de Cultura del Gobierno de M\u00e9xico.<\/p>\n<p>Esto\u00a0a trav\u00e9s del Instituto Nacional de Antropolog\u00eda e Historia (INAH), imparti\u00f3 la segunda edici\u00f3n del curso \u201cProtecci\u00f3n al Patrimonio Cultural\u201d.<\/p>\n<p>As\u00ed como\u00a0a elementos de la Guardia Nacional (GN), asignados a las tareas de salvamento y mejora en zonas arqueol\u00f3gicas de la entidad.<\/p>\n<p>El curso const\u00f3 de cinco temas: \u201cLegislaci\u00f3n en materia de patrimonio cultural\u201d, a cargo de Nuria Thatiana Ramos Delf\u00edn.<\/p>\n<p>\u201cPatrimonio paleontol\u00f3gico: gran yacimiento arqueol\u00f3gico y paleontol\u00f3gico de Tulum\u201d, por Carmen Rojas Sandoval<\/p>\n<p>\u201cPatrimonio arqueol\u00f3gico e hist\u00f3rico\u201d, por Jos\u00e9 Manuel Ochoa Rodr\u00edguez.<\/p>\n<p>\u201cConservaci\u00f3n, intervenci\u00f3n y restauraci\u00f3n del patrimonio\u201d, por M\u00f3nica Alejandra L\u00f3pez Portillo Guzm\u00e1n.<\/p>\n<h4>\u201cVisi\u00f3n hist\u00f3rica de Tulum, de tiempos prehisp\u00e1nicos hasta la actualidad\u201d, por Margarito Molina Rend\u00f3n.<\/h4>\n<p>La primera edici\u00f3n de estos cursos se llev\u00f3 a cabo en octubre de 2022, en Canc\u00fan, y van dirigidos a mandos altos y medios.<\/p>\n<p>Esto\u00a0con el objetivo de que las y los elementos de la GN est\u00e9n capacitados en la protecci\u00f3n del patrimonio cultural, hist\u00f3rico y arqueol\u00f3gico.<\/p>\n<p>Asimismo, se busca que conozcan el marco legal del valor patrimonial y los mecanismos de protecci\u00f3n arqueol\u00f3gica.<\/p>\n<p>As\u00ed como fortalecer la coordinaci\u00f3n entre las instituciones del Gobierno de M\u00e9xico, coadyuvantes en esta tarea.<\/p>\n<p>Otro objetivo es facilitar la comunicaci\u00f3n entre las diversas disciplinas e instituciones que convergen en la defensa del patrimonio.<\/p>\n<p>Adem\u00e1s de estar\u00a0fortaleciendo el enfoque preventivo y de protecci\u00f3n integral de zonas arqueol\u00f3gicas, sitios hist\u00f3ricos y el patrimonio cultural.<\/p>\n<p>La clausura del curso, efectuada el 21 de marzo de 2023, estuvo a cargo del director del Centro INAH Quintana Roo, Margarito Molina Rend\u00f3n.<\/p>\n<p>As\u00ed como\u00a0del coordinador de Unidad del 30 Batall\u00f3n de la GN en Tulum.<\/p>\n<p>Adem\u00e1s del\u00a0coronel Gabriel Bautista Tapia, en representaci\u00f3n del coordinador de la GN en Quintana Roo.<\/p>\n<p>&nbsp;<\/p>\n","protected":false},"excerpt":{"rendered":"<p>*** El curso busca facilitar la comunicaci\u00f3n entre las diversas disciplinas e instituciones que convergen en la defensa del patrimonio *** Se brindaron cinco temas, a cargo de especialistas del Instituto Nacional de Antropolog\u00eda e Historia En el marco de la pol\u00edtica nacional de protecci\u00f3n y rescate del patrimonio cultural y arqueol\u00f3gico, la Secretar\u00eda de [&hellip;]<\/p>\n","protected":false},"author":1,"featured_media":14062,"comment_status":"open","ping_status":"closed","sticky":false,"template":"","format":"standard","meta":{"footnotes":""},"categories":[10],"tags":[],"class_list":["post-14060","post","type-post","status-publish","format-standard","has-post-thumbnail","hentry","category-quintana-roo"],"_links":{"self":[{"href":"https:\/\/podernacional.com\/index.php?rest_route=\/wp\/v2\/posts\/14060","targetHints":{"allow":["GET"]}}],"collection":[{"href":"https:\/\/podernacional.com\/index.php?rest_route=\/wp\/v2\/posts"}],"about":[{"href":"https:\/\/podernacional.com\/index.php?rest_route=\/wp\/v2\/types\/post"}],"author":[{"embeddable":true,"href":"https:\/\/podernacional.com\/index.php?rest_route=\/wp\/v2\/users\/1"}],"replies":[{"embeddable":true,"href":"https:\/\/podernacional.com\/index.php?rest_route=%2Fwp%2Fv2%2Fcomments&post=14060"}],"version-history":[{"count":1,"href":"https:\/\/podernacional.com\/index.php?rest_route=\/wp\/v2\/posts\/14060\/revisions"}],"predecessor-version":[{"id":14061,"href":"https:\/\/podernacional.com\/index.php?rest_route=\/wp\/v2\/posts\/14060\/revisions\/14061"}],"wp:featuredmedia":[{"embeddable":true,"href":"https:\/\/podernacional.com\/index.php?rest_route=\/wp\/v2\/media\/14062"}],"wp:attachment":[{"href":"https:\/\/podernacional.com\/index.php?rest_route=%2Fwp%2Fv2%2Fmedia&parent=14060"}],"wp:term":[{"taxonomy":"category","embeddable":true,"href":"https:\/\/podernacional.com\/index.php?rest_route=%2Fwp%2Fv2%2Fcategories&post=14060"},{"taxonomy":"post_tag","embeddable":true,"href":"https:\/\/podernacional.com\/index.php?rest_route=%2Fwp%2Fv2%2Ftags&post=14060"}],"curies":[{"name":"wp","href":"https:\/\/api.w.org\/{rel}","templated":true}]}}