{"id":14079,"date":"2023-03-25T10:48:50","date_gmt":"2023-03-25T15:48:50","guid":{"rendered":"https:\/\/podernacional.com\/?p=14079"},"modified":"2023-03-25T15:49:10","modified_gmt":"2023-03-25T15:49:10","slug":"futbolista-de-vietnam-imita-festejo-de-cr7-y-sale-lesionado","status":"publish","type":"post","link":"https:\/\/podernacional.com\/?p=14079","title":{"rendered":"Futbolista de Vietnam imita festejo de CR7 y sale lesionado"},"content":{"rendered":"<p>Jugador de Vietnam imita festejo de Cristiano Ronaldo y sale lesionado. Esto ocurri\u00f3 en un partido de la Sub- 17 del pa\u00eds asi\u00e1tico, el joven futbolista tras su anotaci\u00f3n imit\u00f3 el m\u00edtico festejo del Bicho.<\/p>\n<p>Aunque no todo fue celebraci\u00f3n, ya que segundos despu\u00e9s de haber hecho el t\u00edpico \u2018! Siuu !\u2019, tuvo que abandonar el juego por lesi\u00f3n.<\/p>\n<p>Despu\u00e9s de recibir asistencia m\u00e9dica tras hacer la reconocida celebraci\u00f3n de CR7, se pudo ver al jugador con gestos de dolor y no pudo continuar el juego pese a anotar para su equipo.<\/p>\n<p>Cristino Ronaldo sigue demostrando que supera las fronteras de cualquier liga, ya sea menor o profesional, y que su i\u00f3nica celebraci\u00f3n ya es un legado del futbol moderno.<\/p>\n<blockquote class=\"twitter-tweet\" data-width=\"550\" data-dnt=\"true\">\n<p lang=\"tr\" dir=\"ltr\">Vietnam U-17 liginde bir gen\u00e7 futbolcu, Cristiano Ronaldo&#39;nun &#39;Siuu&#39; sevincini yaparken sakatlan\u0131p oyundan \u00e7\u0131kt\u0131.<a href=\"https:\/\/twitter.com\/hashtag\/Vietnam?src=hash&amp;ref_src=twsrc%5Etfw\">#Vietnam<\/a> <a href=\"https:\/\/twitter.com\/hashtag\/Futbol?src=hash&amp;ref_src=twsrc%5Etfw\">#Futbol<\/a> <a href=\"https:\/\/t.co\/gcM9PxxST9\">pic.twitter.com\/gcM9PxxST9<\/a><\/p>\n<p>&mdash; SPOR (@yenisafakspor) <a href=\"https:\/\/twitter.com\/yenisafakspor\/status\/1638851895249993729?ref_src=twsrc%5Etfw\">March 23, 2023<\/a><\/p><\/blockquote>\n<p><script async src=\"https:\/\/platform.twitter.com\/widgets.js\" charset=\"utf-8\"><\/script><\/p>\n","protected":false},"excerpt":{"rendered":"<p>Jugador de Vietnam imita festejo de Cristiano Ronaldo y sale lesionado. Esto ocurri\u00f3 en un partido de la Sub- 17 del pa\u00eds asi\u00e1tico, el joven futbolista tras su anotaci\u00f3n imit\u00f3 el m\u00edtico festejo del Bicho. Aunque no todo fue celebraci\u00f3n, ya que segundos despu\u00e9s de haber hecho el t\u00edpico \u2018! Siuu !\u2019, tuvo que abandonar [&hellip;]<\/p>\n","protected":false},"author":1,"featured_media":14081,"comment_status":"open","ping_status":"closed","sticky":false,"template":"","format":"standard","meta":{"footnotes":""},"categories":[3],"tags":[],"class_list":["post-14079","post","type-post","status-publish","format-standard","has-post-thumbnail","hentry","category-deportes"],"_links":{"self":[{"href":"https:\/\/podernacional.com\/index.php?rest_route=\/wp\/v2\/posts\/14079","targetHints":{"allow":["GET"]}}],"collection":[{"href":"https:\/\/podernacional.com\/index.php?rest_route=\/wp\/v2\/posts"}],"about":[{"href":"https:\/\/podernacional.com\/index.php?rest_route=\/wp\/v2\/types\/post"}],"author":[{"embeddable":true,"href":"https:\/\/podernacional.com\/index.php?rest_route=\/wp\/v2\/users\/1"}],"replies":[{"embeddable":true,"href":"https:\/\/podernacional.com\/index.php?rest_route=%2Fwp%2Fv2%2Fcomments&post=14079"}],"version-history":[{"count":1,"href":"https:\/\/podernacional.com\/index.php?rest_route=\/wp\/v2\/posts\/14079\/revisions"}],"predecessor-version":[{"id":14080,"href":"https:\/\/podernacional.com\/index.php?rest_route=\/wp\/v2\/posts\/14079\/revisions\/14080"}],"wp:featuredmedia":[{"embeddable":true,"href":"https:\/\/podernacional.com\/index.php?rest_route=\/wp\/v2\/media\/14081"}],"wp:attachment":[{"href":"https:\/\/podernacional.com\/index.php?rest_route=%2Fwp%2Fv2%2Fmedia&parent=14079"}],"wp:term":[{"taxonomy":"category","embeddable":true,"href":"https:\/\/podernacional.com\/index.php?rest_route=%2Fwp%2Fv2%2Fcategories&post=14079"},{"taxonomy":"post_tag","embeddable":true,"href":"https:\/\/podernacional.com\/index.php?rest_route=%2Fwp%2Fv2%2Ftags&post=14079"}],"curies":[{"name":"wp","href":"https:\/\/api.w.org\/{rel}","templated":true}]}}