{"id":14094,"date":"2023-03-25T16:34:03","date_gmt":"2023-03-25T21:34:03","guid":{"rendered":"https:\/\/podernacional.com\/?p=14094"},"modified":"2023-03-25T21:34:04","modified_gmt":"2023-03-25T21:34:04","slug":"festival-estereo-picnic-2023-fechas-horarios-tv-y-donde-ver-el-festival-en-vivo-online","status":"publish","type":"post","link":"https:\/\/podernacional.com\/?p=14094","title":{"rendered":"Festival Est\u00e9reo Picnic 2023: fechas, horarios, TV y d\u00f3nde ver el festival en vivo online"},"content":{"rendered":"<h4>Horario, c\u00f3mo y d\u00f3nde ver el tercer d\u00eda del Festival Est\u00e9reo Picnic, se llevar\u00e1 a cabo en el Campo de Golf Brice\u00f1o 18 en Bogot\u00e1.<\/h4>\n<p>Instalaciones del Festival Est\u00e9reo Picnic<\/p>\n<p>El Festival Est\u00e9reo Picnic 2023 vive su tercer d\u00eda de su m\u00e1s reciente edici\u00f3n.<\/p>\n<p>Este s\u00e1bado se presentar\u00e1n artistas de calibre mundial como Wu Tang Clan, Bizarrap, Armin Van Buren, Ryan Castro o The Chemical Brothers.<\/p>\n<p>Luego de dos jornadas exitosas con bandas como Twenty One Pilots, Tame Impala, The 1975, Blondie, Rosal\u00eda o Drake.<\/p>\n<p>As\u00ed como de\u00a0los conciertos siguen en el Campo de Golf Brice\u00f1o 18.<\/p>\n<p>Las puertas del festival abrir\u00e1n desde la 1:00 p.m., hora de Colombia, y estar\u00e1n disponibles para los visitantes hasta altas horas de la ma\u00f1ana.<\/p>\n<p>Un total de 29 artistas se presentar\u00e1n en los cinco diferentes escenarios.<\/p>\n<p>Adem\u00e1s de\u00a0que ofrece este evento que atrae a miles de personas de Colombia y de toda la regi\u00f3n.<\/p>\n<h4>Horario: \u00bfA qu\u00e9 hora empieza la jornada del s\u00e1bado del Festival Est\u00e9reo Picnic?<\/h4>\n<p>Las puertas del Festival Est\u00e9reo Picnic abrir\u00e1n desde la 1:00 p.m., hora de Colombia, e ir\u00e1n hasta las 4:00 a.m., aproximadamente.<\/p>\n<p>Ac\u00e1 podr\u00e1s ver los horarios de los conciertos que se llevar\u00e1n a cabo este s\u00e1bado y en qu\u00e9 escenario:<\/p>\n<p>Televisi\u00f3n: \u00bfD\u00f3nde ver la jornada de hoy del Festival Est\u00e9reo Picnic?<\/p>\n<p>El tercer d\u00eda del Festival Est\u00e9reo Picnic ser\u00e1 transmitido por el Canal 13.<\/p>\n<p>Esto\u00a0solo para Colombia, en todos los cable operadores en su se\u00f1al b\u00e1sica y en HD.<\/p>\n<p>Internet: \u00bfC\u00f3mo seguir online el Festival Est\u00e9reo Picnic?<\/p>\n<p>Canal 13 tendr\u00e1 la se\u00f1al de este evento en sus plataformas digitales.<\/p>\n<p>&nbsp;<\/p>\n","protected":false},"excerpt":{"rendered":"<p>Horario, c\u00f3mo y d\u00f3nde ver el tercer d\u00eda del Festival Est\u00e9reo Picnic, se llevar\u00e1 a cabo en el Campo de Golf Brice\u00f1o 18 en Bogot\u00e1. Instalaciones del Festival Est\u00e9reo Picnic El Festival Est\u00e9reo Picnic 2023 vive su tercer d\u00eda de su m\u00e1s reciente edici\u00f3n. Este s\u00e1bado se presentar\u00e1n artistas de calibre mundial como Wu Tang [&hellip;]<\/p>\n","protected":false},"author":1,"featured_media":14096,"comment_status":"open","ping_status":"closed","sticky":false,"template":"","format":"standard","meta":{"footnotes":""},"categories":[4],"tags":[],"class_list":["post-14094","post","type-post","status-publish","format-standard","has-post-thumbnail","hentry","category-espectaculos"],"_links":{"self":[{"href":"https:\/\/podernacional.com\/index.php?rest_route=\/wp\/v2\/posts\/14094","targetHints":{"allow":["GET"]}}],"collection":[{"href":"https:\/\/podernacional.com\/index.php?rest_route=\/wp\/v2\/posts"}],"about":[{"href":"https:\/\/podernacional.com\/index.php?rest_route=\/wp\/v2\/types\/post"}],"author":[{"embeddable":true,"href":"https:\/\/podernacional.com\/index.php?rest_route=\/wp\/v2\/users\/1"}],"replies":[{"embeddable":true,"href":"https:\/\/podernacional.com\/index.php?rest_route=%2Fwp%2Fv2%2Fcomments&post=14094"}],"version-history":[{"count":1,"href":"https:\/\/podernacional.com\/index.php?rest_route=\/wp\/v2\/posts\/14094\/revisions"}],"predecessor-version":[{"id":14095,"href":"https:\/\/podernacional.com\/index.php?rest_route=\/wp\/v2\/posts\/14094\/revisions\/14095"}],"wp:featuredmedia":[{"embeddable":true,"href":"https:\/\/podernacional.com\/index.php?rest_route=\/wp\/v2\/media\/14096"}],"wp:attachment":[{"href":"https:\/\/podernacional.com\/index.php?rest_route=%2Fwp%2Fv2%2Fmedia&parent=14094"}],"wp:term":[{"taxonomy":"category","embeddable":true,"href":"https:\/\/podernacional.com\/index.php?rest_route=%2Fwp%2Fv2%2Fcategories&post=14094"},{"taxonomy":"post_tag","embeddable":true,"href":"https:\/\/podernacional.com\/index.php?rest_route=%2Fwp%2Fv2%2Ftags&post=14094"}],"curies":[{"name":"wp","href":"https:\/\/api.w.org\/{rel}","templated":true}]}}