{"id":14097,"date":"2023-03-25T16:36:23","date_gmt":"2023-03-25T21:36:23","guid":{"rendered":"https:\/\/podernacional.com\/?p=14097"},"modified":"2023-03-25T21:36:24","modified_gmt":"2023-03-25T21:36:24","slug":"el-festival-981united-vuelve-a-a-coruna-el-1-de-abril-en-su-decima-edicion","status":"publish","type":"post","link":"https:\/\/podernacional.com\/?p=14097","title":{"rendered":"El festival 981United vuelve a A Coru\u00f1a el 1 de abril en su d\u00e9cima edici\u00f3n"},"content":{"rendered":"<h4>El festival de hardcore m\u00e1s veterano de la ciudad vuelve a la sala O T\u00fanel del Coliseum con Celeste como principal reclamo<\/h4>\n<p>El festival 981UNITED vuelve en su d\u00e9cima edici\u00f3n para reunir en la sala O T\u00fanel del Coliseum.<\/p>\n<p>As\u00ed como\u00a0de A Coru\u00f1a a todos los fans de la m\u00fasica hardcore.<\/p>\n<p>Esto\u00a0de la ciudad y del resto de Galicia.<\/p>\n<p>Este festival celebr\u00f3 su novena edici\u00f3n el pasado mes de septiembre despu\u00e9s de tres a\u00f1os (la anterior edici\u00f3n hab\u00eda sido en 2019).<\/p>\n<p>Tan solo unos pocos meses despu\u00e9s retorna en su d\u00e9cimo aniversario (la primera edici\u00f3n fue en 2013).<\/p>\n<h4>As\u00ed como\u00a0con un un cartel que combina artistas internacionales con nacionales y locales.<\/h4>\n<p>El gran atractivo de esta d\u00e9cima edici\u00f3n es CELESTE, una de las bandas que m\u00e1s impacto causaron el pasado a\u00f1o 2022.<\/p>\n<p>El cual estuvo\u00a0arrasando en todos los festivales europeos, que actuar\u00e1 en 981UNITED en primicia nacional.<\/p>\n<p>Otros grupos destacados son los espa\u00f1oles ANAL HARDZ, PROUDZ, CORROSIVE (que estrenan nuevo disco).<\/p>\n<p>Adem\u00e1s\u00a0THE BROKEN HORIZON (que dan en 981UNITED su primer concierto del a\u00f1o).<\/p>\n<p>Adem\u00e1s de estas grandes bandas nacionales e internacionales, actuar\u00e1n tambi\u00e9n los grupos coru\u00f1eses ALBARUSA y HONG.<\/p>\n<p>Estos \u00faltimos con nuevas composiciones.<\/p>\n<p>Las entradas para este festival ya est\u00e1n a la venta en Ataquilla, al precio de 22 euros m\u00e1s gastos de gesti\u00f3n.<\/p>\n<p>En los pr\u00f3ximos d\u00edas se desvelar\u00e1n los horarios de actuaciones.<\/p>\n","protected":false},"excerpt":{"rendered":"<p>El festival de hardcore m\u00e1s veterano de la ciudad vuelve a la sala O T\u00fanel del Coliseum con Celeste como principal reclamo El festival 981UNITED vuelve en su d\u00e9cima edici\u00f3n para reunir en la sala O T\u00fanel del Coliseum. As\u00ed como\u00a0de A Coru\u00f1a a todos los fans de la m\u00fasica hardcore. Esto\u00a0de la ciudad y [&hellip;]<\/p>\n","protected":false},"author":1,"featured_media":14099,"comment_status":"open","ping_status":"closed","sticky":false,"template":"","format":"standard","meta":{"footnotes":""},"categories":[4],"tags":[],"class_list":["post-14097","post","type-post","status-publish","format-standard","has-post-thumbnail","hentry","category-espectaculos"],"_links":{"self":[{"href":"https:\/\/podernacional.com\/index.php?rest_route=\/wp\/v2\/posts\/14097","targetHints":{"allow":["GET"]}}],"collection":[{"href":"https:\/\/podernacional.com\/index.php?rest_route=\/wp\/v2\/posts"}],"about":[{"href":"https:\/\/podernacional.com\/index.php?rest_route=\/wp\/v2\/types\/post"}],"author":[{"embeddable":true,"href":"https:\/\/podernacional.com\/index.php?rest_route=\/wp\/v2\/users\/1"}],"replies":[{"embeddable":true,"href":"https:\/\/podernacional.com\/index.php?rest_route=%2Fwp%2Fv2%2Fcomments&post=14097"}],"version-history":[{"count":1,"href":"https:\/\/podernacional.com\/index.php?rest_route=\/wp\/v2\/posts\/14097\/revisions"}],"predecessor-version":[{"id":14098,"href":"https:\/\/podernacional.com\/index.php?rest_route=\/wp\/v2\/posts\/14097\/revisions\/14098"}],"wp:featuredmedia":[{"embeddable":true,"href":"https:\/\/podernacional.com\/index.php?rest_route=\/wp\/v2\/media\/14099"}],"wp:attachment":[{"href":"https:\/\/podernacional.com\/index.php?rest_route=%2Fwp%2Fv2%2Fmedia&parent=14097"}],"wp:term":[{"taxonomy":"category","embeddable":true,"href":"https:\/\/podernacional.com\/index.php?rest_route=%2Fwp%2Fv2%2Fcategories&post=14097"},{"taxonomy":"post_tag","embeddable":true,"href":"https:\/\/podernacional.com\/index.php?rest_route=%2Fwp%2Fv2%2Ftags&post=14097"}],"curies":[{"name":"wp","href":"https:\/\/api.w.org\/{rel}","templated":true}]}}