{"id":14100,"date":"2023-03-25T16:53:07","date_gmt":"2023-03-25T21:53:07","guid":{"rendered":"https:\/\/podernacional.com\/?p=14100"},"modified":"2023-03-25T21:53:08","modified_gmt":"2023-03-25T21:53:08","slug":"lanzan-convocatoria-memoria-sonora-de-quintana-roo-en-chetumal","status":"publish","type":"post","link":"https:\/\/podernacional.com\/?p=14100","title":{"rendered":"Lanzan convocatoria &#039;Memoria Sonora de Quintana Roo&#039; en Chetumal"},"content":{"rendered":"<h4>Pueden participar solistas y grupos de todos los g\u00e9neros musicales con una canci\u00f3n de su autor\u00eda.<\/h4>\n<p>Con la finalidad de celebrar el D\u00eda del Compositor y en v\u00edsperas de los 50 a\u00f1os de la creaci\u00f3n del estado libre y soberano de Quintana Roo.<\/p>\n<p>Por ende\u00a0las autoridades de cultura lanzaron la convocatoria \u201cMemoria Sonora de Quintana Roo\u201d.<\/p>\n<p>Esto\u00a0con la finalidad de compilar canciones que formar\u00e1n parte de una serie de discos.<\/p>\n<p>De acuerdo con la convocatoria, los discos guardar\u00e1n la memoria sonora del estado.<\/p>\n<p>Por lo a trav\u00e9s del Instituto de la Cultura y las Artes (ICA) de Quintana Roo se convoca a solistas y grupos de todos los g\u00e9neros musicales.<\/p>\n<p>As\u00ed como\u00a0para que participen con una canci\u00f3n de su autor\u00eda, tanto en la letra como en la m\u00fasica.<\/p>\n<p>Los participantes tienen que residir en la entidad y las canciones pueden ser en espa\u00f1ol o en maya.<\/p>\n<p>As\u00ed como interpretada con uno o varios instrumentos, una duraci\u00f3n m\u00e1xima de cuatro minutos.<\/p>\n<p>Adem\u00e1s del tema de las composiciones tiene que ser referente a Quintana Roo, su cultura, belleza, gente, soberan\u00eda, flora, fauna.<\/p>\n<h4>As\u00ed como\u00a0logros, tradiciones, fundaci\u00f3n o cualquier otro asunto que enaltece la entidad.<\/h4>\n<p>Los participantes tienen que entregar las canciones escritas en documento Word junto con las notas musicales.<\/p>\n<p>Ya sea en documento f\u00edsico o digital; y un audio en formato mp3 con la canci\u00f3n en su forma final.<\/p>\n<p>La convocatoria precisa que no se tomar\u00e1 en cuenta si la grabaci\u00f3n es casera o una producci\u00f3n de estudio, siempre.<\/p>\n<p>As\u00ed como\u00a0cuando cumpla con lo establecido en la misma.<\/p>\n<p>La entrega del formato f\u00edsico se puede realizar en las oficinas del Despacho de la Direcci\u00f3n General del ICA.<\/p>\n<p>Las cuales est\u00e1\u00a0ubicadas en el interior de la Biblioteca P\u00fablica Central \u201cJavier Rojo G\u00f3mez\u201d.<\/p>\n<p>Esto\u00a0en horario de 9:00 de la ma\u00f1ana a 4:00 de la tarde, de lunes a viernes, en la capital del estado.<\/p>\n<p>El formato digital se entrega por medio del correo electr\u00f3nico memoriasonoraquintanaroo@gmail.com, en horario de 9:00 de la ma\u00f1ana a 4:00 de la tarde.<\/p>\n","protected":false},"excerpt":{"rendered":"<p>Pueden participar solistas y grupos de todos los g\u00e9neros musicales con una canci\u00f3n de su autor\u00eda. Con la finalidad de celebrar el D\u00eda del Compositor y en v\u00edsperas de los 50 a\u00f1os de la creaci\u00f3n del estado libre y soberano de Quintana Roo. Por ende\u00a0las autoridades de cultura lanzaron la convocatoria \u201cMemoria Sonora de Quintana [&hellip;]<\/p>\n","protected":false},"author":1,"featured_media":14102,"comment_status":"open","ping_status":"closed","sticky":false,"template":"","format":"standard","meta":{"footnotes":""},"categories":[6],"tags":[],"class_list":["post-14100","post","type-post","status-publish","format-standard","has-post-thumbnail","hentry","category-local"],"_links":{"self":[{"href":"https:\/\/podernacional.com\/index.php?rest_route=\/wp\/v2\/posts\/14100","targetHints":{"allow":["GET"]}}],"collection":[{"href":"https:\/\/podernacional.com\/index.php?rest_route=\/wp\/v2\/posts"}],"about":[{"href":"https:\/\/podernacional.com\/index.php?rest_route=\/wp\/v2\/types\/post"}],"author":[{"embeddable":true,"href":"https:\/\/podernacional.com\/index.php?rest_route=\/wp\/v2\/users\/1"}],"replies":[{"embeddable":true,"href":"https:\/\/podernacional.com\/index.php?rest_route=%2Fwp%2Fv2%2Fcomments&post=14100"}],"version-history":[{"count":1,"href":"https:\/\/podernacional.com\/index.php?rest_route=\/wp\/v2\/posts\/14100\/revisions"}],"predecessor-version":[{"id":14101,"href":"https:\/\/podernacional.com\/index.php?rest_route=\/wp\/v2\/posts\/14100\/revisions\/14101"}],"wp:featuredmedia":[{"embeddable":true,"href":"https:\/\/podernacional.com\/index.php?rest_route=\/wp\/v2\/media\/14102"}],"wp:attachment":[{"href":"https:\/\/podernacional.com\/index.php?rest_route=%2Fwp%2Fv2%2Fmedia&parent=14100"}],"wp:term":[{"taxonomy":"category","embeddable":true,"href":"https:\/\/podernacional.com\/index.php?rest_route=%2Fwp%2Fv2%2Fcategories&post=14100"},{"taxonomy":"post_tag","embeddable":true,"href":"https:\/\/podernacional.com\/index.php?rest_route=%2Fwp%2Fv2%2Ftags&post=14100"}],"curies":[{"name":"wp","href":"https:\/\/api.w.org\/{rel}","templated":true}]}}