{"id":14161,"date":"2023-03-27T18:53:32","date_gmt":"2023-03-27T23:53:32","guid":{"rendered":"https:\/\/podernacional.com\/?p=14161"},"modified":"2023-03-27T23:53:33","modified_gmt":"2023-03-27T23:53:33","slug":"se-realizo-el-3-festival-callejero-por-la-memoria","status":"publish","type":"post","link":"https:\/\/podernacional.com\/?p=14161","title":{"rendered":"Se realiz\u00f3 el 3\u00b0 Festival Callejero por la Memoria"},"content":{"rendered":"<h4>M\u00e1s de mil personas participaron del 3\u00b0 Festival Callejero por la Memoria.<\/h4>\n<p>El cual est\u00e1\u00a0organizado en conjunto por la Casa de la Cultura de Entre R\u00edos y la Asociaci\u00f3n Civil Barriletes.<\/p>\n<p>Adem\u00e1s de\u00a0que se realiz\u00f3 el s\u00e1bado 25 de marzo en la capital entrerriana.<\/p>\n<p>La tercera edici\u00f3n del festival, que se concreta mancomunando los equipo de trabajo de una organizaci\u00f3n civil.<\/p>\n<p>Esto\u00a0con los del centro cultural dependiente de la Secretar\u00eda de Cultura del Gobierno de Entre R\u00edos.<\/p>\n<p>El cual\u00a0cont\u00f3 con el apoyo del programa Festivales Argentinos del Ministerio de Cultura de la Naci\u00f3n.<\/p>\n<p>Entre las 18 y la medianoche se comparti\u00f3 una jornada en la que diversos lenguajes art\u00edsticos formaron parte de la propuesta.<\/p>\n<p>Adem\u00e1s de\u00a0que fue de acceso libre y gratuito\u201d.<\/p>\n<p>\u201cAs\u00ed como que\u00a0tanto frente a la puerta de la Casa de la Cultura como dentro de algunas de sus salas.<\/p>\n<p>\u201cCelebro que este festival pueda seguir realiz\u00e1ndose en la calle con cada vez m\u00e1s convocatoria y compromiso con esta fecha tan importante\u201d.<\/p>\n<p>Adem\u00e1s de que\u00a0se\u00f1al\u00f3 Sebasti\u00e1n Bergalio, director de la Casa de la Cultura.<\/p>\n<p>\u201cEs fundamental poder convocarnos en libertad para seguir exigiendo memoria, verdad y justicia\u201d, agreg\u00f3.<\/p>\n<h4>En cuanto a la organizaci\u00f3n, resalt\u00f3 que:<\/h4>\n<p>\u201cAl igual que cada a\u00f1o, pongo de relieve esta articulaci\u00f3n sumamente virtuosa entre Barriletes y la Casa de la Cultura.<\/p>\n<p>Es muy importante destacar que es posible (y necesario) que el Estado pueda apoyar.<\/p>\n<p>As\u00ed como de\u00a0contribuir a los proyectos de las organizaciones del tercer sector, que son reflejo del pueblo organizado\u201d.<\/p>\n<p>Por su parte, Pablo Russo, coordinador de radio Barriletes, coment\u00f3 que:<\/p>\n<p>\u201cEsta articulaci\u00f3n con el Estado permite potenciar la construcci\u00f3n popular respecto a los derechos humanos\u201d.<\/p>\n<p>\u201cAs\u00ed como, eje fundamental de los medios comunitarios de la asociaci\u00f3n civil, por lo que apoyamos que la memoria sea una pol\u00edtica de Estado\u201d.<\/p>\n<p>Adem\u00e1s de que\u00a0agreg\u00f3 que \u201ca su vez, tambi\u00e9n denunciamos la violencia institucional ejercida por las fuerzas policiales en democracia.<\/p>\n<p>As\u00ed como\u00a0por lo que exigimos control pol\u00edtico sobre las mismas por parte del gobierno\u201d.<\/p>\n<p>Barriletes estuvo a cargo de la radio abierta y transmiti\u00f3 en simult\u00e1neo por la 89.3 las entrevistas y m\u00fasica en vivo de esa tarde noche.<\/p>\n<p>Entre los y las reporteados estuvo Mariana Fumaneri, integrante de La Solapa (asociaci\u00f3n de ex presos pol\u00edticos y exiliados de Entre R\u00edos).<\/p>\n<p>Adem\u00e1s de\u00a0una de las autoras del libro \u201cNosotras en libertad\u201d, quien comparti\u00f3 su experiencia personal y el proceso de edici\u00f3n colectiva.<\/p>\n<p>Tambi\u00e9n pas\u00f3 por la radio abierta Hugo Masoero, artista y docente de la Facultad de Humanidades, Artes y Ciencias Sociales de la UADER.<\/p>\n<p>As\u00ed como de\u00a0quien reflexion\u00f3 sobre la importancia del arte pol\u00edtico en la Argentina e invit\u00f3 a la muestra \u201cDe memorias y utop\u00edas\u201d.<\/p>\n<p>La cual est\u00e1 inaugurada en la ochava de la Casa en el marco de la participaci\u00f3n de esa facultad en el festival.<\/p>\n<p>La muestra, que recorre 50 a\u00f1os de arte pol\u00edtico y que cuenta con obras locales y nacionales.<\/p>\n<p>Adem\u00e1s de que\u00a0se podr\u00e1 visitar hasta el jueves 31 de marzo.<\/p>\n<p>&nbsp;<\/p>\n","protected":false},"excerpt":{"rendered":"<p>M\u00e1s de mil personas participaron del 3\u00b0 Festival Callejero por la Memoria. El cual est\u00e1\u00a0organizado en conjunto por la Casa de la Cultura de Entre R\u00edos y la Asociaci\u00f3n Civil Barriletes. Adem\u00e1s de\u00a0que se realiz\u00f3 el s\u00e1bado 25 de marzo en la capital entrerriana. La tercera edici\u00f3n del festival, que se concreta mancomunando los equipo [&hellip;]<\/p>\n","protected":false},"author":1,"featured_media":14163,"comment_status":"open","ping_status":"closed","sticky":false,"template":"","format":"standard","meta":{"footnotes":""},"categories":[2],"tags":[],"class_list":["post-14161","post","type-post","status-publish","format-standard","has-post-thumbnail","hentry","category-cultural"],"_links":{"self":[{"href":"https:\/\/podernacional.com\/index.php?rest_route=\/wp\/v2\/posts\/14161","targetHints":{"allow":["GET"]}}],"collection":[{"href":"https:\/\/podernacional.com\/index.php?rest_route=\/wp\/v2\/posts"}],"about":[{"href":"https:\/\/podernacional.com\/index.php?rest_route=\/wp\/v2\/types\/post"}],"author":[{"embeddable":true,"href":"https:\/\/podernacional.com\/index.php?rest_route=\/wp\/v2\/users\/1"}],"replies":[{"embeddable":true,"href":"https:\/\/podernacional.com\/index.php?rest_route=%2Fwp%2Fv2%2Fcomments&post=14161"}],"version-history":[{"count":1,"href":"https:\/\/podernacional.com\/index.php?rest_route=\/wp\/v2\/posts\/14161\/revisions"}],"predecessor-version":[{"id":14162,"href":"https:\/\/podernacional.com\/index.php?rest_route=\/wp\/v2\/posts\/14161\/revisions\/14162"}],"wp:featuredmedia":[{"embeddable":true,"href":"https:\/\/podernacional.com\/index.php?rest_route=\/wp\/v2\/media\/14163"}],"wp:attachment":[{"href":"https:\/\/podernacional.com\/index.php?rest_route=%2Fwp%2Fv2%2Fmedia&parent=14161"}],"wp:term":[{"taxonomy":"category","embeddable":true,"href":"https:\/\/podernacional.com\/index.php?rest_route=%2Fwp%2Fv2%2Fcategories&post=14161"},{"taxonomy":"post_tag","embeddable":true,"href":"https:\/\/podernacional.com\/index.php?rest_route=%2Fwp%2Fv2%2Ftags&post=14161"}],"curies":[{"name":"wp","href":"https:\/\/api.w.org\/{rel}","templated":true}]}}