{"id":14167,"date":"2023-03-27T18:59:20","date_gmt":"2023-03-27T23:59:20","guid":{"rendered":"https:\/\/podernacional.com\/?p=14167"},"modified":"2023-03-27T23:59:21","modified_gmt":"2023-03-27T23:59:21","slug":"propone-mara-lezama-fortalecer-modelos-de-desarrollo-turistico-en-el-tianguis-2023","status":"publish","type":"post","link":"https:\/\/podernacional.com\/?p=14167","title":{"rendered":"Propone Mara Lezama fortalecer modelos de desarrollo tur\u00edstico, en el Tianguis 2023"},"content":{"rendered":"<h4>El pabell\u00f3n de QRoo promociona los 12 destinos de los 11 municipios<\/h4>\n<p>Acompa\u00f1ado de la jefa de Gobierno de la Ciudad de M\u00e9xico, Claudia Sheinbaum, y gobernadores de distintos estados.<\/p>\n<p>Por ende, el secretario de Turismo de M\u00e9xico, Miguel Torruco, inaugur\u00f3 la tarde de este domingo el Tianguis Tur\u00edstico 2023.<\/p>\n<p>El cual\u00a0que tienen como sede la capital del pa\u00eds, del 26 al 29 de marzo.<\/p>\n<p>Posteriormente, se realiz\u00f3 el corte del list\u00f3n inaugural general y de los 32 pabellones estatales, entre ellos el de Quintana Roo.<\/p>\n<p>En el marco de la inauguraci\u00f3n se entregaron reconocimientos a mexicanos destacados que ponen en alto el turismo de M\u00e9xico.<\/p>\n<p>Esto\u00a0a nivel nacional e internacional.<\/p>\n<p>Los reconocimientos fueron en el \u00e1mbito gastron\u00f3mico, hotelero, ecotur\u00edstico, prensa tur\u00edstica, experiencias tur\u00edsticas.<\/p>\n<p>As\u00ed como reconocimientos a influencers nacionales y extranjeros por la promoci\u00f3n de M\u00e9xico.<\/p>\n<p>Adem\u00e1s de un reconocimiento especial a la nadadora paral\u00edmpica Juventina Jim\u00e9nez.<\/p>\n<p>Horas antes se llev\u00f3 a cabo la reuni\u00f3n de la Comisi\u00f3n Ejecutiva de Turismo de la Conferencia Nacional de Gobernadores (Conago).<\/p>\n<h4>Lugar en\u00a0donde la gobernadora de Quintana Roo, Mara Lezama.<\/h4>\n<p>Adem\u00e1s de que\u00a0propuso impulsar al Sureste del pa\u00eds como una regi\u00f3n potencial para el desarrollo de M\u00e9xico.<\/p>\n<p>Esto\u00a0con acciones que contribuir\u00e1n a mejorar la calidad de vida de los ciudadanos.<\/p>\n<p>Las tres propuestas presentadas ante el pleno incluyen:<\/p>\n<p>Fortalecer los modelos de desarrollo tur\u00edstico con enfoque de sostenibilidad e inclusi\u00f3n, maximizando los beneficios hacia las comunidades locales.<\/p>\n<p>As\u00ed como\u00a0del impulso a programas encaminados a mejorar las condiciones del empleo en el sector tur\u00edstico y proteger la salud.<\/p>\n<p>Al igual que\u00a0el salario y derechos de los trabajadores con igualdad de oportunidades.<\/p>\n<p>Adem\u00e1s de estar\u00a0tomando en cuenta que el turismo es el principal sector de empleo para j\u00f3venes y mujeres.<\/p>\n<p>En su calidad de vice coordinadora de la citada comisi\u00f3n.<\/p>\n<p>Por ende,\u00a0Mara Lezama condujo la reuni\u00f3n en la que estuvieron presentes la jefa de Gobierno de la Ciudad de M\u00e9xico.<\/p>\n<p>Adem\u00e1s de\u00a0Claudia Sheinbaum Pardo; Juan Enrique Su\u00e1rez Del Real Tostado, secretario de Turismo del estado de Nayarit.<\/p>\n<p>As\u00ed como del presidente de la Uni\u00f3n de Secretarios de Turismo de M\u00e9xico (Asetur); y el secretario de Turismo federal, Miguel Torruco<\/p>\n","protected":false},"excerpt":{"rendered":"<p>El pabell\u00f3n de QRoo promociona los 12 destinos de los 11 municipios Acompa\u00f1ado de la jefa de Gobierno de la Ciudad de M\u00e9xico, Claudia Sheinbaum, y gobernadores de distintos estados. Por ende, el secretario de Turismo de M\u00e9xico, Miguel Torruco, inaugur\u00f3 la tarde de este domingo el Tianguis Tur\u00edstico 2023. El cual\u00a0que tienen como sede [&hellip;]<\/p>\n","protected":false},"author":1,"featured_media":14169,"comment_status":"open","ping_status":"closed","sticky":false,"template":"","format":"standard","meta":{"footnotes":""},"categories":[10],"tags":[],"class_list":["post-14167","post","type-post","status-publish","format-standard","has-post-thumbnail","hentry","category-quintana-roo"],"_links":{"self":[{"href":"https:\/\/podernacional.com\/index.php?rest_route=\/wp\/v2\/posts\/14167","targetHints":{"allow":["GET"]}}],"collection":[{"href":"https:\/\/podernacional.com\/index.php?rest_route=\/wp\/v2\/posts"}],"about":[{"href":"https:\/\/podernacional.com\/index.php?rest_route=\/wp\/v2\/types\/post"}],"author":[{"embeddable":true,"href":"https:\/\/podernacional.com\/index.php?rest_route=\/wp\/v2\/users\/1"}],"replies":[{"embeddable":true,"href":"https:\/\/podernacional.com\/index.php?rest_route=%2Fwp%2Fv2%2Fcomments&post=14167"}],"version-history":[{"count":1,"href":"https:\/\/podernacional.com\/index.php?rest_route=\/wp\/v2\/posts\/14167\/revisions"}],"predecessor-version":[{"id":14168,"href":"https:\/\/podernacional.com\/index.php?rest_route=\/wp\/v2\/posts\/14167\/revisions\/14168"}],"wp:featuredmedia":[{"embeddable":true,"href":"https:\/\/podernacional.com\/index.php?rest_route=\/wp\/v2\/media\/14169"}],"wp:attachment":[{"href":"https:\/\/podernacional.com\/index.php?rest_route=%2Fwp%2Fv2%2Fmedia&parent=14167"}],"wp:term":[{"taxonomy":"category","embeddable":true,"href":"https:\/\/podernacional.com\/index.php?rest_route=%2Fwp%2Fv2%2Fcategories&post=14167"},{"taxonomy":"post_tag","embeddable":true,"href":"https:\/\/podernacional.com\/index.php?rest_route=%2Fwp%2Fv2%2Ftags&post=14167"}],"curies":[{"name":"wp","href":"https:\/\/api.w.org\/{rel}","templated":true}]}}