{"id":14170,"date":"2023-03-27T19:04:25","date_gmt":"2023-03-28T00:04:25","guid":{"rendered":"https:\/\/podernacional.com\/?p=14170"},"modified":"2023-03-28T00:04:26","modified_gmt":"2023-03-28T00:04:26","slug":"daran-apoyos-sociales-de-forma-directa-en-quintana-roo","status":"publish","type":"post","link":"https:\/\/podernacional.com\/?p=14170","title":{"rendered":"Dar\u00e1n apoyos sociales de forma directa en Quintana Roo"},"content":{"rendered":"<h4>Con el cambio de nombre de Sedeso a Secretar\u00eda del Bienestar, lo que se busca es que los apoyos lleguen directamente a los quintanarroenses.<\/h4>\n<p>Con el cambio de nombre de Secretar\u00eda de Desarrollo Social (Sedeso) a Secretar\u00eda del Bienestar.<\/p>\n<p>Lo que se busca es que los apoyos lleguen directamente a los quintanarroenses que realmente lo necesiten, sin intermediarios.<\/p>\n<p>As\u00ed lo indic\u00f3 Pablo Bustamante Beltr\u00e1n, al mencionar que hace unos d\u00edas el Congreso del Estado aval\u00f3 la iniciativa.<\/p>\n<p>La cual es para cambiar el nombre de la dependencia, al sostener que esta reingenier\u00eda va enfocada a alinear la pol\u00edtica social.<\/p>\n<p>Esto\u00a0del estado con la que tiene el gobierno de la Rep\u00fablica.<\/p>\n<p>\u201cUn acceso a los programas sociales mucho m\u00e1s eficiente por parte de los ciudadanos y no vamos a caer en ning\u00fan tipo\u201d.<\/p>\n<p>\u201cPor ejemplo, de duplicidad en los apoyos, esfuerzos aislados.<\/p>\n<h4>\u201cEstamos generando que los apoyos lleguen a quien m\u00e1s lo necesitan como dice nuestro presidente (Andr\u00e9s Manuel L\u00f3pez Obrador).<\/h4>\n<p>As\u00ed como de\u00a0nuestra gobernadora (Mara Lezama Espinosa), de manera directa y sin ning\u00fan tipo de intermediario\u201d.<\/p>\n<p>Dijo que esta transformaci\u00f3n no s\u00f3lo implica cambio en el nombre, sino una serie de adecuaciones en leyes y reglamentos.<\/p>\n<p>Esto, lo que se busca que justamente el gobierno estatal se coordine con la Federaci\u00f3n para abatir los rezagos sociales que persisten en la entidad.<\/p>\n<p>El funcionario sostuvo que el bienestar debe traducirse en que la poblaci\u00f3n cuente con una vida digna, con alimento adecuado.<\/p>\n<p>As\u00ed como acceso a los servicios b\u00e1sicos de vivienda, de seguridad social y una mejor econom\u00eda.<\/p>\n<p>Abund\u00f3 que los programas que tiene la dependencia son dise\u00f1ados en las necesidades de la ciudadan\u00eda.<\/p>\n<p>As\u00ed como sobre todo en quienes m\u00e1s lo necesitan y de esta forma abatir los rezagos sociales que existen en Quintana Roo.<\/p>\n<p>\u201cTenemos un nuevo programa que son las Unidades del Bienestar que van a ofrecer servicios de primer nivel, medicamentos, an\u00e1lisis cl\u00ednicos\u201d.<\/p>\n<p>\u201cAdem\u00e1s de\u00a0consultas dentales y este programa va a tener alrededor de 60 mil beneficiarios que multiplicados\u201d.<\/p>\n<p>\u201cAs\u00ed como\u00a0por los beneficiarios indirectos tambi\u00e9n son alrededor de 200 mil\u201d.<\/p>\n<p>En ese sentido, Bustamante Beltr\u00e1n manifest\u00f3 que con estos programas se espera beneficiar a cerca de 500 o 600 mil personas.<\/p>\n<p>&nbsp;<\/p>\n","protected":false},"excerpt":{"rendered":"<p>Con el cambio de nombre de Sedeso a Secretar\u00eda del Bienestar, lo que se busca es que los apoyos lleguen directamente a los quintanarroenses. Con el cambio de nombre de Secretar\u00eda de Desarrollo Social (Sedeso) a Secretar\u00eda del Bienestar. Lo que se busca es que los apoyos lleguen directamente a los quintanarroenses que realmente lo [&hellip;]<\/p>\n","protected":false},"author":1,"featured_media":14172,"comment_status":"open","ping_status":"closed","sticky":false,"template":"","format":"standard","meta":{"footnotes":""},"categories":[10],"tags":[],"class_list":["post-14170","post","type-post","status-publish","format-standard","has-post-thumbnail","hentry","category-quintana-roo"],"_links":{"self":[{"href":"https:\/\/podernacional.com\/index.php?rest_route=\/wp\/v2\/posts\/14170","targetHints":{"allow":["GET"]}}],"collection":[{"href":"https:\/\/podernacional.com\/index.php?rest_route=\/wp\/v2\/posts"}],"about":[{"href":"https:\/\/podernacional.com\/index.php?rest_route=\/wp\/v2\/types\/post"}],"author":[{"embeddable":true,"href":"https:\/\/podernacional.com\/index.php?rest_route=\/wp\/v2\/users\/1"}],"replies":[{"embeddable":true,"href":"https:\/\/podernacional.com\/index.php?rest_route=%2Fwp%2Fv2%2Fcomments&post=14170"}],"version-history":[{"count":1,"href":"https:\/\/podernacional.com\/index.php?rest_route=\/wp\/v2\/posts\/14170\/revisions"}],"predecessor-version":[{"id":14171,"href":"https:\/\/podernacional.com\/index.php?rest_route=\/wp\/v2\/posts\/14170\/revisions\/14171"}],"wp:featuredmedia":[{"embeddable":true,"href":"https:\/\/podernacional.com\/index.php?rest_route=\/wp\/v2\/media\/14172"}],"wp:attachment":[{"href":"https:\/\/podernacional.com\/index.php?rest_route=%2Fwp%2Fv2%2Fmedia&parent=14170"}],"wp:term":[{"taxonomy":"category","embeddable":true,"href":"https:\/\/podernacional.com\/index.php?rest_route=%2Fwp%2Fv2%2Fcategories&post=14170"},{"taxonomy":"post_tag","embeddable":true,"href":"https:\/\/podernacional.com\/index.php?rest_route=%2Fwp%2Fv2%2Ftags&post=14170"}],"curies":[{"name":"wp","href":"https:\/\/api.w.org\/{rel}","templated":true}]}}