{"id":14182,"date":"2023-03-28T10:06:05","date_gmt":"2023-03-28T15:06:05","guid":{"rendered":"https:\/\/podernacional.com\/?p=14182"},"modified":"2023-03-28T15:06:20","modified_gmt":"2023-03-28T15:06:20","slug":"maksym-galinichev-boxeador-ucraniano-murio-durante-la-guerra-contra-rusia","status":"publish","type":"post","link":"https:\/\/podernacional.com\/?p=14182","title":{"rendered":"Maksym Galinichev, boxeador ucraniano, muri\u00f3 durante la guerra contra Rusia"},"content":{"rendered":"<p>Maksym Galinichev, boxeador de Ucrania, muri\u00f3 durante la guerra con Rusia. El deportista tan solo ten\u00eda 22 a\u00f1os cuando se convirti\u00f3 en v\u00edctima del conflicto.<\/p>\n<p>Quien fuera medallista en los Juegos Ol\u00edmpicos de la Juventud se enlist\u00f3 en mayo de 2022 para servir a su pa\u00eds. Ese compromiso nacionalista lo hizo rechazar una invitaci\u00f3n al Campeonato Europeo masculino de la Confederaci\u00f3n Europea de Boxeo (EUBC).<\/p>\n<p>Durante el conflicto b\u00e9lico estuvo en la Brigada Aerotransportada Sycheslav de Ucrania en Lugansk, una regi\u00f3n altamente activa.<\/p>\n<p>Hasta el momento se desconoce c\u00f3mo y cu\u00e1ndo fue su muerte, pero reportes informan que fue en servicio en la base mencionada.<\/p>\n","protected":false},"excerpt":{"rendered":"<p>Maksym Galinichev, boxeador de Ucrania, muri\u00f3 durante la guerra con Rusia. El deportista tan solo ten\u00eda 22 a\u00f1os cuando se convirti\u00f3 en v\u00edctima del conflicto. Quien fuera medallista en los Juegos Ol\u00edmpicos de la Juventud se enlist\u00f3 en mayo de 2022 para servir a su pa\u00eds. Ese compromiso nacionalista lo hizo rechazar una invitaci\u00f3n al [&hellip;]<\/p>\n","protected":false},"author":1,"featured_media":14184,"comment_status":"open","ping_status":"closed","sticky":false,"template":"","format":"standard","meta":{"footnotes":""},"categories":[3],"tags":[],"class_list":["post-14182","post","type-post","status-publish","format-standard","has-post-thumbnail","hentry","category-deportes"],"_links":{"self":[{"href":"https:\/\/podernacional.com\/index.php?rest_route=\/wp\/v2\/posts\/14182","targetHints":{"allow":["GET"]}}],"collection":[{"href":"https:\/\/podernacional.com\/index.php?rest_route=\/wp\/v2\/posts"}],"about":[{"href":"https:\/\/podernacional.com\/index.php?rest_route=\/wp\/v2\/types\/post"}],"author":[{"embeddable":true,"href":"https:\/\/podernacional.com\/index.php?rest_route=\/wp\/v2\/users\/1"}],"replies":[{"embeddable":true,"href":"https:\/\/podernacional.com\/index.php?rest_route=%2Fwp%2Fv2%2Fcomments&post=14182"}],"version-history":[{"count":1,"href":"https:\/\/podernacional.com\/index.php?rest_route=\/wp\/v2\/posts\/14182\/revisions"}],"predecessor-version":[{"id":14183,"href":"https:\/\/podernacional.com\/index.php?rest_route=\/wp\/v2\/posts\/14182\/revisions\/14183"}],"wp:featuredmedia":[{"embeddable":true,"href":"https:\/\/podernacional.com\/index.php?rest_route=\/wp\/v2\/media\/14184"}],"wp:attachment":[{"href":"https:\/\/podernacional.com\/index.php?rest_route=%2Fwp%2Fv2%2Fmedia&parent=14182"}],"wp:term":[{"taxonomy":"category","embeddable":true,"href":"https:\/\/podernacional.com\/index.php?rest_route=%2Fwp%2Fv2%2Fcategories&post=14182"},{"taxonomy":"post_tag","embeddable":true,"href":"https:\/\/podernacional.com\/index.php?rest_route=%2Fwp%2Fv2%2Ftags&post=14182"}],"curies":[{"name":"wp","href":"https:\/\/api.w.org\/{rel}","templated":true}]}}