{"id":14206,"date":"2023-03-28T15:53:50","date_gmt":"2023-03-28T20:53:50","guid":{"rendered":"https:\/\/podernacional.com\/?p=14206"},"modified":"2023-03-28T20:53:51","modified_gmt":"2023-03-28T20:53:51","slug":"conoce-sound-mind-el-festival-por-la-salud-mental-en-ny","status":"publish","type":"post","link":"https:\/\/podernacional.com\/?p=14206","title":{"rendered":"CONOCE SOUND MIND, EL FESTIVAL POR LA SALUD MENTAL EN NY"},"content":{"rendered":"<h4>Conoce Sound Mind, el festival por la salud mental en NY<\/h4>\n<p>FECHA<\/p>\n<p>20 Mayo 2023<\/p>\n<p>PRECIO<\/p>\n<p>gratis<\/p>\n<h4>ARTISTA(S)<\/h4>\n<p>Iron &amp; Wine<\/p>\n<p>Lleg\u00f3 a Brooklyn (Nueva York) el festival Sound Mind, un festival gratuito en pro de la salud mental y las artes.<\/p>\n<p>El s\u00e1bado 20 de mayo entre Irving Avenue y Wyckoff Avenue en Brooklyn, Nueva York.<\/p>\n<p>El cual\u00a0se realizar\u00e1 la quinta edici\u00f3n del festival Sound Mind, realizado por la organizaci\u00f3n de salud mental y m\u00fasica Sound Mind Live.<\/p>\n<p>Se trata de un festival que interviene las calles, donde se pueden encontrar diversas actividades: meditaci\u00f3n, ejercicios de yoga.<\/p>\n<p>As\u00ed como de\u00a0t\u00e9cnicas de respiraci\u00f3n, experiencias sensoriales con sonido, y la m\u00fasica de Iron &amp; Wine, Hiss Golden Messenger.<\/p>\n<p>Adem\u00e1s de Langhorne Slim, Kamauu y Pom Pom Squad.<\/p>\n<p>Para el director ejecutivo de Sound Mind, Chris Bullard, es importante realizar este tipo de intervenciones.<\/p>\n<p>Esto\u00a0en pro del cuidado de la salud mental porque esta afecta a todos, directa o indirectamente.<\/p>\n<p>El festival tiene como ejes los valores de la empat\u00eda, el apoyo y la compasi\u00f3n.<\/p>\n<p>Juntos exigimos que los sistemas sociales y culturales apoyen la salud mental de todos por igual con soluciones centradas en el ser humano AHORA.<\/p>\n<p>Adem\u00e1s de que ahora\u00a0celebramos la belleza y la alegr\u00eda que se crea cuando nos unimos para apoyarnos unos a otros.<\/p>\n<p>\u201cAs\u00ed como que\u00a0particularmente a trav\u00e9s de la m\u00fasica y las artes\u201d, coment\u00f3 Chris Bullard.<\/p>\n","protected":false},"excerpt":{"rendered":"<p>Conoce Sound Mind, el festival por la salud mental en NY FECHA 20 Mayo 2023 PRECIO gratis ARTISTA(S) Iron &amp; Wine Lleg\u00f3 a Brooklyn (Nueva York) el festival Sound Mind, un festival gratuito en pro de la salud mental y las artes. El s\u00e1bado 20 de mayo entre Irving Avenue y Wyckoff Avenue en Brooklyn, [&hellip;]<\/p>\n","protected":false},"author":1,"featured_media":14208,"comment_status":"open","ping_status":"closed","sticky":false,"template":"","format":"standard","meta":{"footnotes":""},"categories":[6],"tags":[],"class_list":["post-14206","post","type-post","status-publish","format-standard","has-post-thumbnail","hentry","category-local"],"_links":{"self":[{"href":"https:\/\/podernacional.com\/index.php?rest_route=\/wp\/v2\/posts\/14206","targetHints":{"allow":["GET"]}}],"collection":[{"href":"https:\/\/podernacional.com\/index.php?rest_route=\/wp\/v2\/posts"}],"about":[{"href":"https:\/\/podernacional.com\/index.php?rest_route=\/wp\/v2\/types\/post"}],"author":[{"embeddable":true,"href":"https:\/\/podernacional.com\/index.php?rest_route=\/wp\/v2\/users\/1"}],"replies":[{"embeddable":true,"href":"https:\/\/podernacional.com\/index.php?rest_route=%2Fwp%2Fv2%2Fcomments&post=14206"}],"version-history":[{"count":1,"href":"https:\/\/podernacional.com\/index.php?rest_route=\/wp\/v2\/posts\/14206\/revisions"}],"predecessor-version":[{"id":14207,"href":"https:\/\/podernacional.com\/index.php?rest_route=\/wp\/v2\/posts\/14206\/revisions\/14207"}],"wp:featuredmedia":[{"embeddable":true,"href":"https:\/\/podernacional.com\/index.php?rest_route=\/wp\/v2\/media\/14208"}],"wp:attachment":[{"href":"https:\/\/podernacional.com\/index.php?rest_route=%2Fwp%2Fv2%2Fmedia&parent=14206"}],"wp:term":[{"taxonomy":"category","embeddable":true,"href":"https:\/\/podernacional.com\/index.php?rest_route=%2Fwp%2Fv2%2Fcategories&post=14206"},{"taxonomy":"post_tag","embeddable":true,"href":"https:\/\/podernacional.com\/index.php?rest_route=%2Fwp%2Fv2%2Ftags&post=14206"}],"curies":[{"name":"wp","href":"https:\/\/api.w.org\/{rel}","templated":true}]}}