{"id":14209,"date":"2023-03-28T15:58:12","date_gmt":"2023-03-28T20:58:12","guid":{"rendered":"https:\/\/podernacional.com\/?p=14209"},"modified":"2023-03-28T20:58:13","modified_gmt":"2023-03-28T20:58:13","slug":"mallorca-live-festival-2023-anuncia-sus-ultimas-confirmaciones-chk-chk-chk-gazzi-mall-grab-y-ombra","status":"publish","type":"post","link":"https:\/\/podernacional.com\/?p=14209","title":{"rendered":"MALLORCA LIVE FESTIVAL 2023 ANUNCIA SUS \u00daLTIMAS CONFIRMACIONES: !!! (CHK CHK CHK), GAZZI, MALL GRAB Y OMBRA"},"content":{"rendered":"<h4>Se suman a los ya anunciados The Black Eye Peas, Vetusta Morla, Quevedo, Bad Gyal, The Chemical Romance o The Kooks<\/h4>\n<p>La temporada de festivales est\u00e1 a la vuelta de la esquina, \u00bfy qu\u00e9 significa eso?<\/p>\n<p>Pues que los grandes eventos musicales del verano est\u00e1n cerrando sus carteles.<\/p>\n<p>\u00bfEl \u00faltimo en hacerlo? Nada m\u00e1s y nada menos que el Mallorca Live Festival.<\/p>\n<p>El festival musical m\u00e1s importante de las Islas Baleares ha cerrado este martes, 28 de marzo, el cartel de su sexta edici\u00f3n.<\/p>\n<p>Adem\u00e1s de que tendr\u00e1 lugar los d\u00edas 18, 19 y 20 de mayo de 2023 en el Antiguo Aquapark de Calvi\u00e0.<\/p>\n<p>El festival mallorqu\u00edn ha confirmado a !!! (Chk Chk Chk), Gazzi, Mall Grab, Ombra y ha anunciado los artistas.<\/p>\n<p>Los cuales\u00a0que formar\u00e1n parte del Escenario Flexas el s\u00e1bado 20 de mayo.<\/p>\n<p>Esta es la \u00faltima fiesta que se une a las ya anunciadas Cocoon y Sa Fonda, principales novedades de esta edici\u00f3n.<\/p>\n<h4>Un cartel liderado por Black Eyed Peas, Quevedo y The Kooks<\/h4>\n<p>Con los nombres citados se cierra el cartel de una edici\u00f3n llena de nombres nacionales e internacionales como:<\/p>\n<p>Black Eyed Peas, The Chemical Brothers, The Kooks, Quevedo, Vetusta Morla, Bomba Est\u00e9reo, Peggy Gou, Moderat, Black Rebel Motorcycle Club.<\/p>\n<p>Adem\u00e1s de\u00a0Natos y Waor, Viva Suecia, The Dandy Warhols, Ayax y Prok, Second, The Reytons, Le\u00f3n Benavente, Ginebras, Helena Hauff.<\/p>\n<p>Adem\u00e1s de\u00a0Sven V\u00e4th (Cocoon), Carlangas, Yendry y Seun Kuti &amp; Egypt 80, entre muchos otros, que se repartir\u00e1n entre un total de 5 escenarios.<\/p>\n<h4>Validaci\u00f3n de pulseras<\/h4>\n<p>Para que todos los asistentes del Mallorca Live disfruten al m\u00e1ximo de esta edici\u00f3n.<\/p>\n<p>As\u00ed como de\u00a0la organizaci\u00f3n pondr\u00e1 distintos puntos de prevalidaci\u00f3n de pulseras durante los 15 d\u00edas antes del festival.<\/p>\n<p>Vamos, que si eres de Mallorca y puedes pasarte por uno de los puntos, \u00a1perfecto porque entrar\u00e1s directamente al recinto!<\/p>\n<h4>Sobre los abonos y los precios<\/h4>\n<p>Si quieres hacerte con una entrada para el Mallorca Live Festival, puedes adquirir el abono para un d\u00eda desde 59 euros.<\/p>\n<p>Aunque los abonos de 119 euros ya se han agotado, est\u00e1n disponibles todav\u00eda los de 124 euros.<\/p>\n<p>Pero date prisa, \u00a1porque se agotan!<\/p>\n","protected":false},"excerpt":{"rendered":"<p>Se suman a los ya anunciados The Black Eye Peas, Vetusta Morla, Quevedo, Bad Gyal, The Chemical Romance o The Kooks La temporada de festivales est\u00e1 a la vuelta de la esquina, \u00bfy qu\u00e9 significa eso? Pues que los grandes eventos musicales del verano est\u00e1n cerrando sus carteles. \u00bfEl \u00faltimo en hacerlo? Nada m\u00e1s y [&hellip;]<\/p>\n","protected":false},"author":1,"featured_media":14211,"comment_status":"open","ping_status":"closed","sticky":false,"template":"","format":"standard","meta":{"footnotes":""},"categories":[4],"tags":[],"class_list":["post-14209","post","type-post","status-publish","format-standard","has-post-thumbnail","hentry","category-espectaculos"],"_links":{"self":[{"href":"https:\/\/podernacional.com\/index.php?rest_route=\/wp\/v2\/posts\/14209","targetHints":{"allow":["GET"]}}],"collection":[{"href":"https:\/\/podernacional.com\/index.php?rest_route=\/wp\/v2\/posts"}],"about":[{"href":"https:\/\/podernacional.com\/index.php?rest_route=\/wp\/v2\/types\/post"}],"author":[{"embeddable":true,"href":"https:\/\/podernacional.com\/index.php?rest_route=\/wp\/v2\/users\/1"}],"replies":[{"embeddable":true,"href":"https:\/\/podernacional.com\/index.php?rest_route=%2Fwp%2Fv2%2Fcomments&post=14209"}],"version-history":[{"count":1,"href":"https:\/\/podernacional.com\/index.php?rest_route=\/wp\/v2\/posts\/14209\/revisions"}],"predecessor-version":[{"id":14210,"href":"https:\/\/podernacional.com\/index.php?rest_route=\/wp\/v2\/posts\/14209\/revisions\/14210"}],"wp:featuredmedia":[{"embeddable":true,"href":"https:\/\/podernacional.com\/index.php?rest_route=\/wp\/v2\/media\/14211"}],"wp:attachment":[{"href":"https:\/\/podernacional.com\/index.php?rest_route=%2Fwp%2Fv2%2Fmedia&parent=14209"}],"wp:term":[{"taxonomy":"category","embeddable":true,"href":"https:\/\/podernacional.com\/index.php?rest_route=%2Fwp%2Fv2%2Fcategories&post=14209"},{"taxonomy":"post_tag","embeddable":true,"href":"https:\/\/podernacional.com\/index.php?rest_route=%2Fwp%2Fv2%2Ftags&post=14209"}],"curies":[{"name":"wp","href":"https:\/\/api.w.org\/{rel}","templated":true}]}}