{"id":14229,"date":"2023-03-29T09:56:30","date_gmt":"2023-03-29T14:56:30","guid":{"rendered":"https:\/\/podernacional.com\/?p=14229"},"modified":"2023-03-29T14:56:49","modified_gmt":"2023-03-29T14:56:49","slug":"estancamiento-del-tri-es-culpa-de-directivos-hugo-sanchez","status":"publish","type":"post","link":"https:\/\/podernacional.com\/?p=14229","title":{"rendered":"Estancamiento del Tri es culpa de directivos: Hugo S\u00e1nchez"},"content":{"rendered":"<p>El mexicano Hugo S\u00e1nchez, figura mundial del futbol, declar\u00f3 las razones por las que cree que M\u00e9xico nunca podr\u00e1 ser campe\u00f3n del mundo, ni tampoco progresar en selecciones.<\/p>\n<p>Para el Pentapichichi, la culpabilidad de lo que sucede en la Selecci\u00f3n Mexicana recae en los directivos, que han tomado decisiones err\u00f3neas desde hace a\u00f1os en detrimento del progreso futbol\u00edstico.<\/p>\n<p>\u00bfSaben por qu\u00e9 no vamos a poder ser campeones del mundo? Porque ustedes los directivos no se lo creen; yo s\u00ed me lo creo, pero estoy diciendo que se necesitan tres periodos mundialistas para trabajar\u201d.<\/p>\n<p>Atiz\u00f3 contra los directivos que eligieron a Diego Cocca, pues supuestamente ese puesto deber\u00eda ser para un entrenador mexicano.<\/p>\n<p>Quien debe estar en ese puesto de director t\u00e9cnico de la Selecci\u00f3n es un mexicano y all\u00ed es donde me desilusiona el hecho de que nuestros dirigentes no est\u00e1n tomando las decisiones correctas para el mejoramiento y crecimiento del futbol mexicano\u201d.<\/p>\n<p>Aprovech\u00f3 eso s\u00ed, para postularse por en\u00e9sima vez al cargo de entrenador tricolor.<\/p>\n<p>Podemos ser campeones del mundo, pero se necesitan tres procesos mundialistas. Si me dejan tres procesos yo me comprometo a que podemos ser campeones del mundo, pero los due\u00f1os y los directivos del futbol mexicano no lo ven as\u00ed\u201d, coment\u00f3 Hugo en una entrevista para La Opini\u00f3n.<\/p>\n<p>Dijo que se siente en un gran momento para dirigir a pesar de que no lo hace desde 2012, cuando fue despedido de su proyecto en el Pachuca.<\/p>\n<p>Me incomoda que no se me est\u00e9 sacando provecho porque me estoy haciendo mayor y el d\u00eda de ma\u00f1ana cuando quieran no se podr\u00e1\u201d.<\/p>\n","protected":false},"excerpt":{"rendered":"<p>El mexicano Hugo S\u00e1nchez, figura mundial del futbol, declar\u00f3 las razones por las que cree que M\u00e9xico nunca podr\u00e1 ser campe\u00f3n del mundo, ni tampoco progresar en selecciones. Para el Pentapichichi, la culpabilidad de lo que sucede en la Selecci\u00f3n Mexicana recae en los directivos, que han tomado decisiones err\u00f3neas desde hace a\u00f1os en detrimento [&hellip;]<\/p>\n","protected":false},"author":1,"featured_media":14231,"comment_status":"open","ping_status":"closed","sticky":false,"template":"","format":"standard","meta":{"footnotes":""},"categories":[3],"tags":[],"class_list":["post-14229","post","type-post","status-publish","format-standard","has-post-thumbnail","hentry","category-deportes"],"_links":{"self":[{"href":"https:\/\/podernacional.com\/index.php?rest_route=\/wp\/v2\/posts\/14229","targetHints":{"allow":["GET"]}}],"collection":[{"href":"https:\/\/podernacional.com\/index.php?rest_route=\/wp\/v2\/posts"}],"about":[{"href":"https:\/\/podernacional.com\/index.php?rest_route=\/wp\/v2\/types\/post"}],"author":[{"embeddable":true,"href":"https:\/\/podernacional.com\/index.php?rest_route=\/wp\/v2\/users\/1"}],"replies":[{"embeddable":true,"href":"https:\/\/podernacional.com\/index.php?rest_route=%2Fwp%2Fv2%2Fcomments&post=14229"}],"version-history":[{"count":1,"href":"https:\/\/podernacional.com\/index.php?rest_route=\/wp\/v2\/posts\/14229\/revisions"}],"predecessor-version":[{"id":14230,"href":"https:\/\/podernacional.com\/index.php?rest_route=\/wp\/v2\/posts\/14229\/revisions\/14230"}],"wp:featuredmedia":[{"embeddable":true,"href":"https:\/\/podernacional.com\/index.php?rest_route=\/wp\/v2\/media\/14231"}],"wp:attachment":[{"href":"https:\/\/podernacional.com\/index.php?rest_route=%2Fwp%2Fv2%2Fmedia&parent=14229"}],"wp:term":[{"taxonomy":"category","embeddable":true,"href":"https:\/\/podernacional.com\/index.php?rest_route=%2Fwp%2Fv2%2Fcategories&post=14229"},{"taxonomy":"post_tag","embeddable":true,"href":"https:\/\/podernacional.com\/index.php?rest_route=%2Fwp%2Fv2%2Ftags&post=14229"}],"curies":[{"name":"wp","href":"https:\/\/api.w.org\/{rel}","templated":true}]}}