{"id":14241,"date":"2023-03-29T10:53:25","date_gmt":"2023-03-29T15:53:25","guid":{"rendered":"https:\/\/podernacional.com\/?p=14241"},"modified":"2023-03-29T15:53:41","modified_gmt":"2023-03-29T15:53:41","slug":"ximena-sarinana-denuncia-agresiones-contra-su-equipo-de-trabajo-en-texcoco","status":"publish","type":"post","link":"https:\/\/podernacional.com\/?p=14241","title":{"rendered":"Ximena Sari\u00f1ana denuncia agresiones contra su equipo de trabajo en Texcoco"},"content":{"rendered":"<p>La cantante Ximena Sari\u00f1ana denunci\u00f3 que sus m\u00fasicos y su equipo fueron golpeados y encerrados en los camerinos por varios sujetos, tras su presentaci\u00f3n la noche del lunes, en el teatro del pueblo en la Feria Internacional del Caballo Texcoco 2023.<\/p>\n<p>\u201cNos llena de rabia e impotencia que en un acto p\u00fablico y familiar nuestra seguridad no haya podido ser garantizada por las personas que nos contrataron y los que organizaron estos conciertos\u201d, expres\u00f3 la artista en redes sociales.<\/p>\n<p>Explic\u00f3 que en el teatro del pueblo de la Feria del Caballo tuvo un show con un p\u00fablico hermoso y que afirm\u00f3 que lo hab\u00eda disfrutado much\u00edsimo.<\/p>\n<p>Sin embargo, mencion\u00f3 que a dos minutos de que ella se fuera del lugar, unos hombres encerraron a sus m\u00fasicos y a su equipo en un camerino, mientras que en otro atacaron y golpearon a su production manager hasta dejarlo completamente ensangrentado.<\/p>\n<p>\u201cMinutos antes de eso recibimos a una ni\u00f1a de 10 a\u00f1os en el camerino y me fui tremendamente agradecida por el equipo tan maravilloso que tengo y por el disfrute de poder tocar m\u00fasica y compartirla con todos ustedes. Las consecuencias que esto tiene en nuestro equipo y en la vida y salud de nuestro compa\u00f1ero a\u00fan son incalculables\u201d, public\u00f3.<\/p>\n<p>Ximena Sari\u00f1ana sostuvo que su equipo est\u00e1 haciendo todo lo que est\u00e1 en sus manos, apegados a la ley, para dar con los responsables y que se haga justicia.<\/p>\n<p>\u201cDuele mucho que la violencia toque todo a nuestro alrededor, hasta algo puro y m\u00e1gico como la m\u00fasica en vivo\u201d.<\/p>\n<p>La Feria Internacional del Caballo Texcoco 2023 comenz\u00f3 el pasado viernes 24 y culmina el 16 de abril.<\/p>\n<p>Seg\u00fan las autoridades informaron se espera una asistencia diaria en promedio de 25 mil personas y afirmaron \u201cque la seguridad est\u00e1 garantizada para los visitantes\u201d.<\/p>\n","protected":false},"excerpt":{"rendered":"<p>La cantante Ximena Sari\u00f1ana denunci\u00f3 que sus m\u00fasicos y su equipo fueron golpeados y encerrados en los camerinos por varios sujetos, tras su presentaci\u00f3n la noche del lunes, en el teatro del pueblo en la Feria Internacional del Caballo Texcoco 2023. \u201cNos llena de rabia e impotencia que en un acto p\u00fablico y familiar nuestra [&hellip;]<\/p>\n","protected":false},"author":1,"featured_media":14243,"comment_status":"open","ping_status":"closed","sticky":false,"template":"","format":"standard","meta":{"footnotes":""},"categories":[4],"tags":[],"class_list":["post-14241","post","type-post","status-publish","format-standard","has-post-thumbnail","hentry","category-espectaculos"],"_links":{"self":[{"href":"https:\/\/podernacional.com\/index.php?rest_route=\/wp\/v2\/posts\/14241","targetHints":{"allow":["GET"]}}],"collection":[{"href":"https:\/\/podernacional.com\/index.php?rest_route=\/wp\/v2\/posts"}],"about":[{"href":"https:\/\/podernacional.com\/index.php?rest_route=\/wp\/v2\/types\/post"}],"author":[{"embeddable":true,"href":"https:\/\/podernacional.com\/index.php?rest_route=\/wp\/v2\/users\/1"}],"replies":[{"embeddable":true,"href":"https:\/\/podernacional.com\/index.php?rest_route=%2Fwp%2Fv2%2Fcomments&post=14241"}],"version-history":[{"count":1,"href":"https:\/\/podernacional.com\/index.php?rest_route=\/wp\/v2\/posts\/14241\/revisions"}],"predecessor-version":[{"id":14242,"href":"https:\/\/podernacional.com\/index.php?rest_route=\/wp\/v2\/posts\/14241\/revisions\/14242"}],"wp:featuredmedia":[{"embeddable":true,"href":"https:\/\/podernacional.com\/index.php?rest_route=\/wp\/v2\/media\/14243"}],"wp:attachment":[{"href":"https:\/\/podernacional.com\/index.php?rest_route=%2Fwp%2Fv2%2Fmedia&parent=14241"}],"wp:term":[{"taxonomy":"category","embeddable":true,"href":"https:\/\/podernacional.com\/index.php?rest_route=%2Fwp%2Fv2%2Fcategories&post=14241"},{"taxonomy":"post_tag","embeddable":true,"href":"https:\/\/podernacional.com\/index.php?rest_route=%2Fwp%2Fv2%2Ftags&post=14241"}],"curies":[{"name":"wp","href":"https:\/\/api.w.org\/{rel}","templated":true}]}}