{"id":14254,"date":"2023-03-29T19:10:23","date_gmt":"2023-03-30T00:10:23","guid":{"rendered":"https:\/\/podernacional.com\/?p=14254"},"modified":"2023-03-30T00:10:24","modified_gmt":"2023-03-30T00:10:24","slug":"ofrece-festival-cultural-zacatecas-2023-actividades-para-ninas-ninos-y-adolescentes","status":"publish","type":"post","link":"https:\/\/podernacional.com\/?p=14254","title":{"rendered":"Ofrece Festival Cultural Zacatecas 2023 actividades para ni\u00f1as, ni\u00f1os y adolescentes"},"content":{"rendered":"<h4>Del 02 al 09 de abril se llevar\u00e1n a cabo talleres de diversas actividades en la Plaza 450<\/h4>\n<p>En la Plazuela Goitia se tendr\u00e1 narraci\u00f3n oral, t\u00edteres y conciertos<\/p>\n<p>Buscan fomentar la convivencia familiar y comunitaria, y tienen como eje el arte como elemento de cohesi\u00f3n social y el fomento de valores<\/p>\n<p>Como parte del programa del Festival Cultural Zacatecas 2023, el Instituto Zacatecano de Cultura \u201cRam\u00f3n L\u00f3pez Velarde\u201d.<\/p>\n<p>Adem\u00e1s de que\u00a0ha organizado actividades encaminadas al desarrollo socio-cultural de las infancias.<\/p>\n<p>De esta forma, el Instituto Zacatecano de Cultura \u201cRam\u00f3n L\u00f3pez Velarde\u201d establece que las ni\u00f1as, ni\u00f1os y adolescentes.<\/p>\n<p>As\u00ed como\u00a0de la entidad tienen un lugar especial dentro de las actividades del Festival Cultural Zacatecas 2023.<\/p>\n<p>En el foro de la Plaza 450 se han organizado talleres que estar\u00e1n en servicio de manera gratuita.<\/p>\n<p>As\u00ed como\u00a0entre el 2 y el 9 de abril (con excepci\u00f3n del viernes 7).<\/p>\n<h4>Adem\u00e1s de un horario de 10:00 a 13:00 horas.<\/h4>\n<p>En este lugar se ha creado una programaci\u00f3n conformada por talleres en disciplinas como:<\/p>\n<p>Adem\u00e1s de estar modelado en arcilla, tejido de fibras textiles naturales e intervenci\u00f3n mural.<\/p>\n<p>Estas actividades buscan fomentar la convivencia familiar y comunitaria, y tienen como eje el arte como elemento de cohesi\u00f3n social y el fomento de valores.<\/p>\n<p>La base de los talleres radica en la creaci\u00f3n y en la inventiva, a fin de fomentar la capacidad de los menores y sus familias.<\/p>\n<p>Esto\u00a0al momento de elaborar un instrumento musical, con material reciclado, o alg\u00fan elemento decorativo emanado de la cosmogon\u00eda wix\u00e1rika, a trav\u00e9s de la cartoner\u00eda.<\/p>\n<p>Dentro de estas actividades, la ciencia se lleva de la mano de la cultura.<\/p>\n<p>As\u00ed como de estar\u00a0mediante la observaci\u00f3n de elementos f\u00edsicos como la luz y su fragmentaci\u00f3n en colores.<\/p>\n<h4>Todo ello es posible gracias a la colaboraci\u00f3n interinstitucional de la Subsecretar\u00eda de Desarrollo Artesanal.<\/h4>\n<p>Adem\u00e1s del Centro Interactivo de Ciencia y Tecnolog\u00eda Zigzag con el Instituto Zacatecano de Cultura.<\/p>\n<p>La Plazuela Goitia ser\u00e1 la segunda sede donde las ni\u00f1as y los ni\u00f1os podr\u00e1n disfrutar de actividades de narraci\u00f3n oral, t\u00edteres.<\/p>\n<p>As\u00ed como de\u00a0conciertos de m\u00fasica tradicional mexicana, reggae y blues.<\/p>\n<p>En este foro se contempla el horario de las 17:00 y las 18:00 horas, con la presencia de agrupaciones como el Incre\u00edble (y \u00fanico) circo de los cuentos.<\/p>\n<p>Adem\u00e1s de Monstruos y caricaturas, Cuentos de una nube, entre otros, y en la m\u00fasica el Ahuizote Blues, Vibra Much\u00e1.<\/p>\n<p>As\u00ed como de la\u00a0Loter\u00eda de Bichos Mexicanos, las tres agrupaciones de la Ciudad de M\u00e9xico, y el Festival de M\u00fasica de Ra\u00edz M\u00e9xico.<\/p>\n<p>As\u00ed como de\u00a0\u201cArtemio en Torno al Agua\u201d, de San Luis Potos\u00ed.<\/p>\n","protected":false},"excerpt":{"rendered":"<p>Del 02 al 09 de abril se llevar\u00e1n a cabo talleres de diversas actividades en la Plaza 450 En la Plazuela Goitia se tendr\u00e1 narraci\u00f3n oral, t\u00edteres y conciertos Buscan fomentar la convivencia familiar y comunitaria, y tienen como eje el arte como elemento de cohesi\u00f3n social y el fomento de valores Como parte del [&hellip;]<\/p>\n","protected":false},"author":1,"featured_media":14256,"comment_status":"open","ping_status":"closed","sticky":false,"template":"","format":"standard","meta":{"footnotes":""},"categories":[2],"tags":[],"class_list":["post-14254","post","type-post","status-publish","format-standard","has-post-thumbnail","hentry","category-cultural"],"_links":{"self":[{"href":"https:\/\/podernacional.com\/index.php?rest_route=\/wp\/v2\/posts\/14254","targetHints":{"allow":["GET"]}}],"collection":[{"href":"https:\/\/podernacional.com\/index.php?rest_route=\/wp\/v2\/posts"}],"about":[{"href":"https:\/\/podernacional.com\/index.php?rest_route=\/wp\/v2\/types\/post"}],"author":[{"embeddable":true,"href":"https:\/\/podernacional.com\/index.php?rest_route=\/wp\/v2\/users\/1"}],"replies":[{"embeddable":true,"href":"https:\/\/podernacional.com\/index.php?rest_route=%2Fwp%2Fv2%2Fcomments&post=14254"}],"version-history":[{"count":1,"href":"https:\/\/podernacional.com\/index.php?rest_route=\/wp\/v2\/posts\/14254\/revisions"}],"predecessor-version":[{"id":14255,"href":"https:\/\/podernacional.com\/index.php?rest_route=\/wp\/v2\/posts\/14254\/revisions\/14255"}],"wp:featuredmedia":[{"embeddable":true,"href":"https:\/\/podernacional.com\/index.php?rest_route=\/wp\/v2\/media\/14256"}],"wp:attachment":[{"href":"https:\/\/podernacional.com\/index.php?rest_route=%2Fwp%2Fv2%2Fmedia&parent=14254"}],"wp:term":[{"taxonomy":"category","embeddable":true,"href":"https:\/\/podernacional.com\/index.php?rest_route=%2Fwp%2Fv2%2Fcategories&post=14254"},{"taxonomy":"post_tag","embeddable":true,"href":"https:\/\/podernacional.com\/index.php?rest_route=%2Fwp%2Fv2%2Ftags&post=14254"}],"curies":[{"name":"wp","href":"https:\/\/api.w.org\/{rel}","templated":true}]}}