{"id":14263,"date":"2023-03-29T19:18:44","date_gmt":"2023-03-30T00:18:44","guid":{"rendered":"https:\/\/podernacional.com\/?p=14263"},"modified":"2023-03-30T00:18:47","modified_gmt":"2023-03-30T00:18:47","slug":"familias-de-pucte-en-el-sur-de-quintana-roo-se-benefician-con-la-caravana-del-bienestar","status":"publish","type":"post","link":"https:\/\/podernacional.com\/?p=14263","title":{"rendered":"Familias de Puct\u00e9 en el sur de Quintana Roo se benefician con la Caravana del Bienestar"},"content":{"rendered":"<h4>-Agradecen habitantes de esta comunidad en el municipio de Oth\u00f3n P. Blanco, al Gobierno que encabeza Mara Lezama Espinosa.<\/h4>\n<p>Adem\u00e1s que\u00a0por los servicios y apoyos gratuitos que se acercaron con este Programa del Bienestar<\/p>\n<p>M\u00e1s de mil servicios gratuitos beneficiaron a las familias de la localidad de Puct\u00e9, en el municipio de Oth\u00f3n P. Blanco.<\/p>\n<p>As\u00ed como con la Caravana del Bienestar que llev\u00f3 el Gobierno de Quintana Roo, en coordinaci\u00f3n con la Secretar\u00eda de Bienestar.<\/p>\n<p>Adem\u00e1s de\u00a0para seguir avanzando con el compromiso y la visi\u00f3n de la gobernadora Mara Lezama Espinosa.<\/p>\n<p>As\u00ed como de llevar bienestar y prosperidad compartida a cada rinc\u00f3n del estado.<\/p>\n<p>En ese marco, 14 dependencias del orden federal, estatal y municipal, brindaron servicios gratuitos de consulta m\u00e9dica y dental, cortes de cabello.<\/p>\n<p>Adem\u00e1s del\u00a0examen de la vista y entrega de lentes, as\u00ed como orientaci\u00f3n y atenci\u00f3n jur\u00eddica y psicol\u00f3gica.<\/p>\n<p>As\u00ed como de la\u00a0actualizaci\u00f3n de actas de nacimiento, entre otros, lo que contribuye al bienestar y desarrollo de las familias en el sur del estado.<\/p>\n<h4>Adem\u00e1s de que\u00a0destac\u00f3 el secretario de Bienestar, Pablo Bustamante.<\/h4>\n<p>Por su parte, los habitantes de la comunidad de Puct\u00e9 agradecieron los servicios y apoyos que recibieron con esta Caravana del Bienestar.<\/p>\n<p>Esto\u00a0en el domo ubicado en la Avenida Huertos Familiares, entre Josefa Ortiz de Dom\u00ednguez y Avenida Luis Echeverr\u00eda.<\/p>\n<p>Recib\u00ed el apoyo de semillas para hortaliza y lo veo muy bien, muy bueno para sembrar y sacar nuestras frutas y verduras para consumirla.<\/p>\n<p>As\u00ed como que\u00a0si se puede, para vender tambi\u00e9n; adem\u00e1s aprovech\u00e9 servicios de salud como limpieza de dientes.<\/p>\n<p>Es excelente que acerquen este tipo de servicios porque es beneficio para todos nosotros: Guadalupe Pedrero Guerra, habitante de Puct\u00e9.<\/p>\n<p>Me pareci\u00f3 muy bien porque nos acercan servicios de gran ayuda, adem\u00e1s se puede tramitar actas de nacimiento, semillas para hortalizas.<\/p>\n<p>Adem\u00e1s de\u00a0muchos servicios que nos trajeron, estoy muy agradecida con el Gobierno y que vengan a la comunidad:<\/p>\n<p>Mirna Rodr\u00edguez Villanueva, habitante de la comunidad.<\/p>\n<h4>Es excelente que vengan a dar estos servicios a las comunidades porque somos de escasos recursos.<\/h4>\n<p>As\u00ed que\u00a0a veces quisi\u00e9ramos hacernos un corte de cabello bonito, pero no hay la oportunidad para hacerlo o no hay el dinero.<\/p>\n<p>Adem\u00e1s que\u00a0para mi veo excelente que traigan este tipo de servicios gratuitos.<\/p>\n<p>Agradezco al gobierno por acercar estos apoyos a la comunidad: Alma Luz C\u00e1ceres Garc\u00eda, de la comunidad de Puct\u00e9.<\/p>\n<p>La atenci\u00f3n es muy eficaz, antes no daban el mismo servicio que dan ahora, rapid\u00edsimo pude tramitar tres actas de nacimiento, la de mi esposo.<\/p>\n<p>Al igual que\u00a0la de mi hijo y la m\u00eda; y necesito tambi\u00e9n pasar por el apoyo de lentes porque lo requiero.<\/p>\n<p>Por ende\u00a0estoy muy agradecida con el Gobierno de Mara Lezama que manda este tipo de apoyos gratuitos.<\/p>\n<p>Esto para la gente que m\u00e1s lo necesita: Rosal\u00eda Flores Ru\u00edz, habitante de la comunidad.<\/p>\n","protected":false},"excerpt":{"rendered":"<p>-Agradecen habitantes de esta comunidad en el municipio de Oth\u00f3n P. Blanco, al Gobierno que encabeza Mara Lezama Espinosa. Adem\u00e1s que\u00a0por los servicios y apoyos gratuitos que se acercaron con este Programa del Bienestar M\u00e1s de mil servicios gratuitos beneficiaron a las familias de la localidad de Puct\u00e9, en el municipio de Oth\u00f3n P. Blanco. [&hellip;]<\/p>\n","protected":false},"author":1,"featured_media":14265,"comment_status":"open","ping_status":"closed","sticky":false,"template":"","format":"standard","meta":{"footnotes":""},"categories":[10],"tags":[],"class_list":["post-14263","post","type-post","status-publish","format-standard","has-post-thumbnail","hentry","category-quintana-roo"],"_links":{"self":[{"href":"https:\/\/podernacional.com\/index.php?rest_route=\/wp\/v2\/posts\/14263","targetHints":{"allow":["GET"]}}],"collection":[{"href":"https:\/\/podernacional.com\/index.php?rest_route=\/wp\/v2\/posts"}],"about":[{"href":"https:\/\/podernacional.com\/index.php?rest_route=\/wp\/v2\/types\/post"}],"author":[{"embeddable":true,"href":"https:\/\/podernacional.com\/index.php?rest_route=\/wp\/v2\/users\/1"}],"replies":[{"embeddable":true,"href":"https:\/\/podernacional.com\/index.php?rest_route=%2Fwp%2Fv2%2Fcomments&post=14263"}],"version-history":[{"count":1,"href":"https:\/\/podernacional.com\/index.php?rest_route=\/wp\/v2\/posts\/14263\/revisions"}],"predecessor-version":[{"id":14264,"href":"https:\/\/podernacional.com\/index.php?rest_route=\/wp\/v2\/posts\/14263\/revisions\/14264"}],"wp:featuredmedia":[{"embeddable":true,"href":"https:\/\/podernacional.com\/index.php?rest_route=\/wp\/v2\/media\/14265"}],"wp:attachment":[{"href":"https:\/\/podernacional.com\/index.php?rest_route=%2Fwp%2Fv2%2Fmedia&parent=14263"}],"wp:term":[{"taxonomy":"category","embeddable":true,"href":"https:\/\/podernacional.com\/index.php?rest_route=%2Fwp%2Fv2%2Fcategories&post=14263"},{"taxonomy":"post_tag","embeddable":true,"href":"https:\/\/podernacional.com\/index.php?rest_route=%2Fwp%2Fv2%2Ftags&post=14263"}],"curies":[{"name":"wp","href":"https:\/\/api.w.org\/{rel}","templated":true}]}}