{"id":14266,"date":"2023-03-29T19:23:25","date_gmt":"2023-03-30T00:23:25","guid":{"rendered":"https:\/\/podernacional.com\/?p=14266"},"modified":"2023-03-30T00:23:28","modified_gmt":"2023-03-30T00:23:28","slug":"asociaciones-hoteleras-de-q-roo-se-integran-en-un-solo-organismo","status":"publish","type":"post","link":"https:\/\/podernacional.com\/?p=14266","title":{"rendered":"Asociaciones hoteleras de Q. Roo se integran en un solo organismo"},"content":{"rendered":"<h4>Entre los objetivos destaca la colaboraci\u00f3n con el gobierno estatal para optimizar los recursos que se invierten.<\/h4>\n<p>As\u00ed como\u00a0en la promoci\u00f3n tur\u00edstica y generar un mayor flujo de visitantes en la entidad.<\/p>\n<p>En el marco del Tianguis Tur\u00edstico 2023, se instal\u00f3 oficialmente el Consejo Hotelero del Caribe Mexicano.<\/p>\n<p>Adem\u00e1s que con la participaci\u00f3n de siete asociaciones de este sector, que aglutinan m\u00e1s de 125,000 cuartos de hotel en Quintana Roo.<\/p>\n<p>Al rendir protesta ante Mara Lezama Espinosa, gobernadora de Quintana Roo, Antonio Chaves.<\/p>\n<p>Adem\u00e1s de la\u00a0actual dirigente de la Asociaci\u00f3n de Hoteles de la Riviera Maya y primer presidente del Consejo Hotelero del Caribe Mexicano.<\/p>\n<p>Con esto\u00a0resalt\u00f3 que este organismo cupular aglutinar\u00e1 y representar\u00e1 los intereses de los hoteleros de la regi\u00f3n.<\/p>\n<p>As\u00ed como que crear\u00e1 una agenda com\u00fan para analizar con los tres niveles de gobierno las necesidades del sector.<\/p>\n<p>A\u00f1adi\u00f3 que entre los objetivos de este consejo empresarial estar\u00e1 trabajar en colaboraci\u00f3n con el gobierno estatal.<\/p>\n<h4>Adem\u00e1s para optimizar los recursos que se invierten en la promoci\u00f3n tur\u00edstica y generar un mayor flujo de visitantes a la entidad.<\/h4>\n<p>As\u00ed como\u00a0que el a\u00f1o pasado recibi\u00f3 a 19 millones de turistas.<\/p>\n<p>Otro de sus objetivos ser\u00e1 salvaguardar los intereses de sus inversionistas y cabildear con las autoridades federales.<\/p>\n<p>Adem\u00e1s de una agenda tur\u00edstica que permita resolver y agilizar temas pendientes que requieren atenci\u00f3n urgente como facilitar<\/p>\n<p>Adem\u00e1s del ingreso de los turistas internacionales, especialmente en temas de mejoras en migraci\u00f3n, aduanas.<\/p>\n<p>As\u00ed como de la eliminaci\u00f3n de visados a turistas brasile\u00f1os, que permitan a todos los destinos del Caribe Mexicano ser m\u00e1s competitivos.<\/p>\n<p>Con esto de\u00a0ofrecer una mejor atenci\u00f3n a los visitantes.<\/p>\n<p>Tambi\u00e9n otras de sus prioridades ser\u00e1 abordar temas como la seguridad p\u00fablica, la recolecci\u00f3n y disposici\u00f3n final del sargazo.<\/p>\n<p>As\u00ed como ordenar el sector de rentas vacacionales.<\/p>\n","protected":false},"excerpt":{"rendered":"<p>Entre los objetivos destaca la colaboraci\u00f3n con el gobierno estatal para optimizar los recursos que se invierten. As\u00ed como\u00a0en la promoci\u00f3n tur\u00edstica y generar un mayor flujo de visitantes en la entidad. En el marco del Tianguis Tur\u00edstico 2023, se instal\u00f3 oficialmente el Consejo Hotelero del Caribe Mexicano. Adem\u00e1s que con la participaci\u00f3n de siete [&hellip;]<\/p>\n","protected":false},"author":1,"featured_media":14268,"comment_status":"open","ping_status":"closed","sticky":false,"template":"","format":"standard","meta":{"footnotes":""},"categories":[10],"tags":[],"class_list":["post-14266","post","type-post","status-publish","format-standard","has-post-thumbnail","hentry","category-quintana-roo"],"_links":{"self":[{"href":"https:\/\/podernacional.com\/index.php?rest_route=\/wp\/v2\/posts\/14266","targetHints":{"allow":["GET"]}}],"collection":[{"href":"https:\/\/podernacional.com\/index.php?rest_route=\/wp\/v2\/posts"}],"about":[{"href":"https:\/\/podernacional.com\/index.php?rest_route=\/wp\/v2\/types\/post"}],"author":[{"embeddable":true,"href":"https:\/\/podernacional.com\/index.php?rest_route=\/wp\/v2\/users\/1"}],"replies":[{"embeddable":true,"href":"https:\/\/podernacional.com\/index.php?rest_route=%2Fwp%2Fv2%2Fcomments&post=14266"}],"version-history":[{"count":1,"href":"https:\/\/podernacional.com\/index.php?rest_route=\/wp\/v2\/posts\/14266\/revisions"}],"predecessor-version":[{"id":14267,"href":"https:\/\/podernacional.com\/index.php?rest_route=\/wp\/v2\/posts\/14266\/revisions\/14267"}],"wp:featuredmedia":[{"embeddable":true,"href":"https:\/\/podernacional.com\/index.php?rest_route=\/wp\/v2\/media\/14268"}],"wp:attachment":[{"href":"https:\/\/podernacional.com\/index.php?rest_route=%2Fwp%2Fv2%2Fmedia&parent=14266"}],"wp:term":[{"taxonomy":"category","embeddable":true,"href":"https:\/\/podernacional.com\/index.php?rest_route=%2Fwp%2Fv2%2Fcategories&post=14266"},{"taxonomy":"post_tag","embeddable":true,"href":"https:\/\/podernacional.com\/index.php?rest_route=%2Fwp%2Fv2%2Ftags&post=14266"}],"curies":[{"name":"wp","href":"https:\/\/api.w.org\/{rel}","templated":true}]}}