{"id":14311,"date":"2023-03-30T19:39:20","date_gmt":"2023-03-31T00:39:20","guid":{"rendered":"https:\/\/podernacional.com\/?p=14311"},"modified":"2023-03-31T00:39:22","modified_gmt":"2023-03-31T00:39:22","slug":"anuncian-3-nuevos-vuelos-internacionales-a-dos-aeropuertos-de-quintana-roo","status":"publish","type":"post","link":"https:\/\/podernacional.com\/?p=14311","title":{"rendered":"Anuncian 3 nuevos vuelos internacionales a dos aeropuertos de Quintana Roo"},"content":{"rendered":"<h4>Durante el Tianguis Tur\u00edstico de M\u00e9xico, se confirmaron tres nuevos vuelos hacia destinos tur\u00edsticos de Quintana Roo.<\/h4>\n<p>Canc\u00fan y Cozumel se ver\u00e1n beneficiados por el aumento de vuelos en los pr\u00f3ximos meses.<\/p>\n<p>Quintana Roo contara\u0301 con cuatro vuelos nuevos, los cuales se confirmaron en el marco del Tianguis Turi\u0301stico de Me\u0301xico.<\/p>\n<p>Esto\u00a0a la delegacio\u0301n del Caribe Mexicano, destacando tres rutas nuevas desde Europa y un vuelo nacional hacia Cozumel.<\/p>\n<p>Jesu\u0301s Almaguer Salazar, presidente de la Asociacio\u0301n de Hoteles de Cancu\u0301n, Puerto Morelos e Isla Mujeres.<\/p>\n<p>Adem\u00e1s de que\u00a0detallo\u0301 que sera\u0301n con la aeroli\u0301nea Iberojet, que sumara\u0301 tres nuevas rutas a partir de julio desde Oporto, Lisboa y Barcelona.<\/p>\n<p>Esto\u00a0con ello seguir impulsando el turismo desde el viejo oriente, que esta\u0301 en recuperacio\u0301n.<\/p>\n<p>\u201cEsto permitira\u0301 sumar al menos 90 mil asientos ma\u0301s, lo cual permite seguir consolidando el turismo y sumar ma\u0301s rutas\u201d.<\/p>\n<h4>\u201cCon\u00a0lo cual es muy positivo, ya que asi\u0301 nos seguimos consolidando\u201d, agrego\u0301.<\/h4>\n<p>Con esto tambie\u0301n se esta\u0301 reafirmando que los mercados siguen buscando al Caribe Mexicano para consolidar el destino.<\/p>\n<p>As\u00ed como\u00a0con ello lograr los re\u0301cords de ser los destinos ma\u0301s visitados, lo que adema\u0301s aumenta la derrama econo\u0301mica.<\/p>\n<p>\u201cSomos el pabello\u0301n que es la tienda ancla de Me\u0301xico, con ello nosotros siempre vamos a tener e\u0301xito\u201d.<\/p>\n<p>\u201cAdem\u00e1s de que\u00a0esto nos lleva a consolidar al destino\u201d, agrego\u0301.<\/p>\n<p>Durante las actividades tambi\u00e9n se reafirmo\u0301 el nuevo vuelo entre Cozumel y Ciudad de M\u00e9xico, que es operado por Aerome\u0301xico.<\/p>\n<p>Esto\u00a0con frecuencia durante los siete di\u0301as de la semana, mismo que comenzara\u0301 desde el 26 de marzo.<\/p>\n<p>La aeroli\u0301nea Arajet anuncio\u0301 que continu\u0301a el programa Vuelato\u0301n de Precios Bajos de la Ciudad de Me\u0301xico y Cancu\u0301n a Santo Domingo.<\/p>\n<p>As\u00ed\u00a0con boletos desde cinco do\u0301lares, una promocio\u0301n que esta\u0301 disponible hasta el 31 de marzo, y que servira\u0301 para viajar desde abril hasta octubre.<\/p>\n<p>Esto va a permitir superar los 19 millones de turistas que llegaron el an\u0303o pasado, que se espera poder romper el re\u0301cord del an\u0303o pasado.<\/p>\n","protected":false},"excerpt":{"rendered":"<p>Durante el Tianguis Tur\u00edstico de M\u00e9xico, se confirmaron tres nuevos vuelos hacia destinos tur\u00edsticos de Quintana Roo. Canc\u00fan y Cozumel se ver\u00e1n beneficiados por el aumento de vuelos en los pr\u00f3ximos meses. Quintana Roo contara\u0301 con cuatro vuelos nuevos, los cuales se confirmaron en el marco del Tianguis Turi\u0301stico de Me\u0301xico. Esto\u00a0a la delegacio\u0301n del [&hellip;]<\/p>\n","protected":false},"author":1,"featured_media":14313,"comment_status":"open","ping_status":"closed","sticky":false,"template":"","format":"standard","meta":{"footnotes":""},"categories":[10],"tags":[],"class_list":["post-14311","post","type-post","status-publish","format-standard","has-post-thumbnail","hentry","category-quintana-roo"],"_links":{"self":[{"href":"https:\/\/podernacional.com\/index.php?rest_route=\/wp\/v2\/posts\/14311","targetHints":{"allow":["GET"]}}],"collection":[{"href":"https:\/\/podernacional.com\/index.php?rest_route=\/wp\/v2\/posts"}],"about":[{"href":"https:\/\/podernacional.com\/index.php?rest_route=\/wp\/v2\/types\/post"}],"author":[{"embeddable":true,"href":"https:\/\/podernacional.com\/index.php?rest_route=\/wp\/v2\/users\/1"}],"replies":[{"embeddable":true,"href":"https:\/\/podernacional.com\/index.php?rest_route=%2Fwp%2Fv2%2Fcomments&post=14311"}],"version-history":[{"count":1,"href":"https:\/\/podernacional.com\/index.php?rest_route=\/wp\/v2\/posts\/14311\/revisions"}],"predecessor-version":[{"id":14312,"href":"https:\/\/podernacional.com\/index.php?rest_route=\/wp\/v2\/posts\/14311\/revisions\/14312"}],"wp:featuredmedia":[{"embeddable":true,"href":"https:\/\/podernacional.com\/index.php?rest_route=\/wp\/v2\/media\/14313"}],"wp:attachment":[{"href":"https:\/\/podernacional.com\/index.php?rest_route=%2Fwp%2Fv2%2Fmedia&parent=14311"}],"wp:term":[{"taxonomy":"category","embeddable":true,"href":"https:\/\/podernacional.com\/index.php?rest_route=%2Fwp%2Fv2%2Fcategories&post=14311"},{"taxonomy":"post_tag","embeddable":true,"href":"https:\/\/podernacional.com\/index.php?rest_route=%2Fwp%2Fv2%2Ftags&post=14311"}],"curies":[{"name":"wp","href":"https:\/\/api.w.org\/{rel}","templated":true}]}}